{"id":63466,"date":"2025-02-06T18:59:01","date_gmt":"2025-02-07T00:59:01","guid":{"rendered":"https:\/\/encuentroinformativo.com.mx\/?p=63466"},"modified":"2025-02-06T18:59:01","modified_gmt":"2025-02-07T00:59:01","slug":"con-gobierno-avanza-propuesta-para-reduccion-de-tarifas-electricas","status":"publish","type":"post","link":"https:\/\/encuentroinformativo.com.mx\/?p=63466","title":{"rendered":"Con gobierno, avanza propuesta para reducci\u00f3n de tarifas el\u00e9ctricas"},"content":{"rendered":"<p><strong><span style=\"font-size: 1rem;\">Dar\u00edo Pale<\/span><\/strong><\/p>\n<p>Xalapa, Ver.- El vocero del movimiento Resistencia Civil en Veracruz y de la Asociaci\u00f3n Civil la leyenda de &#8220;Chucho El Roto&#8221;, Jorge Morales Barradas dio a conocer que, avanza la propuesta para reducir tarifas el\u00e9ctricas en Veracruz.<\/p>\n<p>En entrevista se\u00f1al\u00f3 que, la reclasificaci\u00f3n de tarifas el\u00e9ctricas en Veracruz podr\u00eda ser una realidad tras la apertura del actual gobierno encabezado por Roc\u00edo Nahle Garc\u00eda.<\/p>\n<p>Dio a conocer que tras una reuni\u00f3n con el secretario de Gobierno Ricardo Ahued Bardahuil celebrada este mi\u00e9rcoles en palacio de gobierno, se propuso crear una mesa de trabajo coordinada por el gobierno estatal, en la que est\u00e9 presente el delegado en Veracruz de la Comisi\u00f3n Nacional del Agua (CONAGUA), Pablo Robles Barajas y el gerentes general de la Divisi\u00f3n Oriente de la Comisi\u00f3n Federal de Electricidad.<\/p>\n<p>Dicha reuni\u00f3n ser\u00e1 convocada por la Secretar\u00eda de Gobierno y se pretende que pronto se concreten convenios para disminuir los costos de tarifas el\u00e9ctricas.<\/p>\n<p>&#8220;El secretario nos propuso que a partir de este lunes \u00e9l iniciar\u00e1 la gesti\u00f3n con Conagua, con Comisi\u00f3n Federal de Electricidad y nis avisar\u00e1, nos dar\u00e1 fecha y yo espero que la pr\u00f3xima semana ya tengamos un informe de una fecha tentativa para ya poder llevar a cabo esta mesa de trabajo con Conagua, con CFE, Gobierno del Estado y nosotros como representantes de la sociedad civil, representantes del pueblo&#8221;, se\u00f1al\u00f3.<\/p>\n<p>Finalmente Jorge Morales Barradas dijo que se espera que la gobernadora Roc\u00edo Nahle Garc\u00eda participe en la reuni\u00f3n para la instalaci\u00f3n de las mesas de trabajo.<\/p>\n<p><img loading=\"lazy\" decoding=\"async\" class=\"alignnone size-medium wp-image-63468\" src=\"https:\/\/encuentroinformativo.com.mx\/wp-content\/uploads\/2025\/02\/IMG-20250206-WA02012-300x276.jpg\" alt=\"\" width=\"300\" height=\"276\" srcset=\"https:\/\/encuentroinformativo.com.mx\/wp-content\/uploads\/2025\/02\/IMG-20250206-WA02012-300x276.jpg 300w, https:\/\/encuentroinformativo.com.mx\/wp-content\/uploads\/2025\/02\/IMG-20250206-WA02012.jpg 445w\" sizes=\"auto, (max-width: 300px) 100vw, 300px\" \/><\/p>\n","protected":false},"excerpt":{"rendered":"<p>Dar\u00edo Pale Xalapa, Ver.- El vocero del movimiento Resistencia Civil en Veracruz y de la Asociaci\u00f3n Civil la leyenda de &#8220;Chucho El Roto&#8221;, Jorge Morales Barradas dio a conocer que, avanza la propuesta para reducir tarifas el\u00e9ctricas en Veracruz. En entrevista se\u00f1al\u00f3 que, la reclasificaci\u00f3n de tarifas el\u00e9ctricas en Veracruz podr\u00eda ser una realidad tras [&hellip;]<\/p>\n","protected":false},"author":2476,"featured_media":63467,"comment_status":"open","ping_status":"open","sticky":false,"template":"","format":"standard","meta":{"_jetpack_memberships_contains_paid_content":false,"footnotes":""},"categories":[2],"tags":[],"class_list":["post-63466","post","type-post","status-publish","format-standard","has-post-thumbnail","hentry","category-estado"],"jetpack_featured_media_url":"https:\/\/encuentroinformativo.com.mx\/wp-content\/uploads\/2025\/02\/IMG-20250206-WA0202.jpg","jetpack_sharing_enabled":true,"jetpack_likes_enabled":true,"amp_enabled":true,"_links":{"self":[{"href":"https:\/\/encuentroinformativo.com.mx\/index.php?rest_route=\/wp\/v2\/posts\/63466","targetHints":{"allow":["GET"]}}],"collection":[{"href":"https:\/\/encuentroinformativo.com.mx\/index.php?rest_route=\/wp\/v2\/posts"}],"about":[{"href":"https:\/\/encuentroinformativo.com.mx\/index.php?rest_route=\/wp\/v2\/types\/post"}],"author":[{"embeddable":true,"href":"https:\/\/encuentroinformativo.com.mx\/index.php?rest_route=\/wp\/v2\/users\/2476"}],"replies":[{"embeddable":true,"href":"https:\/\/encuentroinformativo.com.mx\/index.php?rest_route=%2Fwp%2Fv2%2Fcomments&post=63466"}],"version-history":[{"count":1,"href":"https:\/\/encuentroinformativo.com.mx\/index.php?rest_route=\/wp\/v2\/posts\/63466\/revisions"}],"predecessor-version":[{"id":63469,"href":"https:\/\/encuentroinformativo.com.mx\/index.php?rest_route=\/wp\/v2\/posts\/63466\/revisions\/63469"}],"wp:featuredmedia":[{"embeddable":true,"href":"https:\/\/encuentroinformativo.com.mx\/index.php?rest_route=\/wp\/v2\/media\/63467"}],"wp:attachment":[{"href":"https:\/\/encuentroinformativo.com.mx\/index.php?rest_route=%2Fwp%2Fv2%2Fmedia&parent=63466"}],"wp:term":[{"taxonomy":"category","embeddable":true,"href":"https:\/\/encuentroinformativo.com.mx\/index.php?rest_route=%2Fwp%2Fv2%2Fcategories&post=63466"},{"taxonomy":"post_tag","embeddable":true,"href":"https:\/\/encuentroinformativo.com.mx\/index.php?rest_route=%2Fwp%2Fv2%2Ftags&post=63466"}],"curies":[{"name":"wp","href":"https:\/\/api.w.org\/{rel}","templated":true}]}}