{"id":63470,"date":"2025-02-06T19:10:57","date_gmt":"2025-02-07T01:10:57","guid":{"rendered":"https:\/\/encuentroinformativo.com.mx\/?p=63470"},"modified":"2025-02-06T19:10:57","modified_gmt":"2025-02-07T01:10:57","slug":"atiende-presidente-de-la-jucopo-a-estudiantes-de-derecho","status":"publish","type":"post","link":"https:\/\/encuentroinformativo.com.mx\/?p=63470","title":{"rendered":"Atiende presidente de la Jucopo a estudiantes de Derecho"},"content":{"rendered":"<p><strong>* Dialoga el legislador Esteban Bautista Hern\u00e1ndez con alumnas y alumnos de la Universidad Crist\u00f3bal Col\u00f3n sobre las funciones de este Congreso y su compromiso con la sociedad.<\/strong><\/p>\n<p style=\"font-weight: 400;\"><span style=\"font-size: 1rem;\">Xalapa, Ver.- El presidente de la Junta de Coordinaci\u00f3n Pol\u00edtica (Jucopo) de la LXVII Legislatura del estado, diputado Esteban Bautista Hern\u00e1ndez, atendi\u00f3 a un grupo de estudiantes de la Licenciatura en Derecho de la Universidad Crist\u00f3bal Col\u00f3n, Campus Veracruz, a quienes extern\u00f3 que el Congreso del Estado es la casa donde se hacen y se actualizan las leyes para beneficio de los diversos sectores de la sociedad.<\/span><\/p>\n<p style=\"font-weight: 400;\"><span style=\"font-size: 1rem;\">A las y los alumnos, encabezados por el director de la Facultad de Derecho, Luis Alberto Mart\u00edn Capistr\u00e1n, el legislador Bautista Hern\u00e1ndez les expres\u00f3 que la LXVII Legislatura estableci\u00f3 la modalidad de cercan\u00eda y atenci\u00f3n con la gente en la que se privilegia el di\u00e1logo \u201cy las puertas siempre estar\u00e1n abiertas para recibir las peticiones y darles el tr\u00e1mite correspondiente\u201d.<\/span><\/p>\n<p style=\"font-weight: 400;\"><span style=\"font-size: 1rem;\">Con la participaci\u00f3n de personal de la Coordinaci\u00f3n de Archivo, Biblioteca y Hemeroteca, el diputado secund\u00f3 la pl\u00e1tica en relaci\u00f3n con las atribuciones que le confiere la ley a una diputada o a un diputado; las funciones que puede realizar en materia de legislaci\u00f3n, fiscalizaci\u00f3n, representaci\u00f3n y gesti\u00f3n, aunado al periodo constitucional de cada Legislatura y la forma en que se conforma para su adecuado funcionamiento.<\/span><\/p>\n<p style=\"font-weight: 400;\"><span style=\"font-size: 1rem;\">Previamente, las y los alumnos conocieron las diversas \u00e1reas que conforman el Palacio Legislativo de Veracruz, entre las que destacan la biblioteca Jos\u00e9 Mar\u00eda Mata, el auditorio Sebasti\u00e1n Lerdo de Tejada, el archivo hist\u00f3rico de este poder, la sala Irene Bourell Peralta, los pasillos donde se presentan exposiciones art\u00edsticas, la sala de prensa Regina Mart\u00ednez de la Coordinaci\u00f3n de Comunicaci\u00f3n Social y el Recinto Oficial de Sesiones, con la rese\u00f1a de los nombres y los apotegmas inscritos en el Muro de Honor, y la sala Venustiano Carranza, sede de la Diputaci\u00f3n Permanente, entre otros.<\/span><\/p>\n<p style=\"font-weight: 400;\"><span style=\"font-size: 1rem;\">Durante el recorrido se incorporaron la diputada Victoria Guti\u00e9rrez P\u00e9rez y el legislador Adri\u00e1n Sigfrido \u00c1vila Estrada.<\/span><\/p>\n<p><img loading=\"lazy\" decoding=\"async\" class=\"alignnone size-medium wp-image-63473\" src=\"https:\/\/encuentroinformativo.com.mx\/wp-content\/uploads\/2025\/02\/NOV06FEB2025RECORRIDOUCC8-300x200.jpeg\" alt=\"\" width=\"300\" height=\"200\" srcset=\"https:\/\/encuentroinformativo.com.mx\/wp-content\/uploads\/2025\/02\/NOV06FEB2025RECORRIDOUCC8-300x200.jpeg 300w, https:\/\/encuentroinformativo.com.mx\/wp-content\/uploads\/2025\/02\/NOV06FEB2025RECORRIDOUCC8-1024x683.jpeg 1024w, https:\/\/encuentroinformativo.com.mx\/wp-content\/uploads\/2025\/02\/NOV06FEB2025RECORRIDOUCC8-768x512.jpeg 768w, https:\/\/encuentroinformativo.com.mx\/wp-content\/uploads\/2025\/02\/NOV06FEB2025RECORRIDOUCC8-1536x1025.jpeg 1536w, https:\/\/encuentroinformativo.com.mx\/wp-content\/uploads\/2025\/02\/NOV06FEB2025RECORRIDOUCC8-2048x1367.jpeg 2048w\" sizes=\"auto, (max-width: 300px) 100vw, 300px\" \/><\/p>\n<p style=\"font-weight: 400;\">\n","protected":false},"excerpt":{"rendered":"<p>* Dialoga el legislador Esteban Bautista Hern\u00e1ndez con alumnas y alumnos de la Universidad Crist\u00f3bal Col\u00f3n sobre las funciones de este Congreso y su compromiso con la sociedad. Xalapa, Ver.- El presidente de la Junta de Coordinaci\u00f3n Pol\u00edtica (Jucopo) de la LXVII Legislatura del estado, diputado Esteban Bautista Hern\u00e1ndez, atendi\u00f3 a un grupo de estudiantes [&hellip;]<\/p>\n","protected":false},"author":2476,"featured_media":63471,"comment_status":"open","ping_status":"open","sticky":false,"template":"","format":"standard","meta":{"_jetpack_memberships_contains_paid_content":false,"footnotes":""},"categories":[2],"tags":[],"class_list":["post-63470","post","type-post","status-publish","format-standard","has-post-thumbnail","hentry","category-estado"],"jetpack_featured_media_url":"https:\/\/encuentroinformativo.com.mx\/wp-content\/uploads\/2025\/02\/NOV06FEB2025RECORRIDOUCC1-scaled.jpeg","jetpack_sharing_enabled":true,"jetpack_likes_enabled":true,"amp_enabled":true,"_links":{"self":[{"href":"https:\/\/encuentroinformativo.com.mx\/index.php?rest_route=\/wp\/v2\/posts\/63470","targetHints":{"allow":["GET"]}}],"collection":[{"href":"https:\/\/encuentroinformativo.com.mx\/index.php?rest_route=\/wp\/v2\/posts"}],"about":[{"href":"https:\/\/encuentroinformativo.com.mx\/index.php?rest_route=\/wp\/v2\/types\/post"}],"author":[{"embeddable":true,"href":"https:\/\/encuentroinformativo.com.mx\/index.php?rest_route=\/wp\/v2\/users\/2476"}],"replies":[{"embeddable":true,"href":"https:\/\/encuentroinformativo.com.mx\/index.php?rest_route=%2Fwp%2Fv2%2Fcomments&post=63470"}],"version-history":[{"count":2,"href":"https:\/\/encuentroinformativo.com.mx\/index.php?rest_route=\/wp\/v2\/posts\/63470\/revisions"}],"predecessor-version":[{"id":63474,"href":"https:\/\/encuentroinformativo.com.mx\/index.php?rest_route=\/wp\/v2\/posts\/63470\/revisions\/63474"}],"wp:featuredmedia":[{"embeddable":true,"href":"https:\/\/encuentroinformativo.com.mx\/index.php?rest_route=\/wp\/v2\/media\/63471"}],"wp:attachment":[{"href":"https:\/\/encuentroinformativo.com.mx\/index.php?rest_route=%2Fwp%2Fv2%2Fmedia&parent=63470"}],"wp:term":[{"taxonomy":"category","embeddable":true,"href":"https:\/\/encuentroinformativo.com.mx\/index.php?rest_route=%2Fwp%2Fv2%2Fcategories&post=63470"},{"taxonomy":"post_tag","embeddable":true,"href":"https:\/\/encuentroinformativo.com.mx\/index.php?rest_route=%2Fwp%2Fv2%2Ftags&post=63470"}],"curies":[{"name":"wp","href":"https:\/\/api.w.org\/{rel}","templated":true}]}}