{"id":63477,"date":"2025-02-07T10:35:31","date_gmt":"2025-02-07T16:35:31","guid":{"rendered":"https:\/\/encuentroinformativo.com.mx\/?p=63477"},"modified":"2025-02-07T10:39:37","modified_gmt":"2025-02-07T16:39:37","slug":"volco-autobus-con-15-pasajeros-en-la-pradera","status":"publish","type":"post","link":"https:\/\/encuentroinformativo.com.mx\/?p=63477","title":{"rendered":"Volc\u00f3 autob\u00fas con 15 pasajeros en La Pradera"},"content":{"rendered":"<p><strong><span style=\"font-size: 1rem;\">Dar\u00edo Pale<\/span><\/strong><\/p>\n<p>Xalapa, Ver.- Esta ma\u00f1ana se registr\u00f3 un accidente en la avenida \u00c1lamos del fraccionamiento Praderas donde un autob\u00fas de la l\u00ednea Autotransportes Banderilla (ATB), se vol\u00f3 el camell\u00f3n cayendo en el carril contrario donde seis personas resultaron lesionadas y tres de ellas fueron trasladadas.<\/p>\n<p>La unidad cubr\u00eda la ruta Trancas-Campo de Tiro cuando seg\u00fan algunas versiones el conductor perdi\u00f3 el control de la unidad de ATB con placas A-29087-X con n\u00famero econ\u00f3mico F 52 donde viajaban 15 pasajeros de los cuales seis pasajeros resultaron lesionados de los cuales 3 fueron trasladados al hospital.<\/p>\n<p>Se dice que al perder el control de la unidad por una falla mec\u00e1nica se fue contra el camell\u00f3n y se fue al carril contrario por lo que al impactar en sentido contrario debido a la altura se volc\u00f3 sobre el lado izquierdo quedando en sentido contrario y los pasajeros salieron como pudieron de la unidad.<\/p>\n<p>Al lugar acudieron diferentes cuerpos de auxilio de Xalapa y de Emiliano Zapata para atender a los lesionados donde tres de ellos fueron trasladados al hospital para su atenci\u00f3n.<\/p>\n<p>Al lugar tambi\u00e9n llegaron elementos de tr\u00e1nsito del estado, Peritos, polic\u00eda municipal de Xalapa y de Emiliano Zapata.<\/p>\n<p><img loading=\"lazy\" decoding=\"async\" class=\"alignnone size-medium wp-image-63479\" src=\"https:\/\/encuentroinformativo.com.mx\/wp-content\/uploads\/2025\/02\/IMG-20250207-WA0028-300x169.jpg\" alt=\"\" width=\"300\" height=\"169\" srcset=\"https:\/\/encuentroinformativo.com.mx\/wp-content\/uploads\/2025\/02\/IMG-20250207-WA0028-300x169.jpg 300w, https:\/\/encuentroinformativo.com.mx\/wp-content\/uploads\/2025\/02\/IMG-20250207-WA0028-1024x576.jpg 1024w, https:\/\/encuentroinformativo.com.mx\/wp-content\/uploads\/2025\/02\/IMG-20250207-WA0028-768x432.jpg 768w, https:\/\/encuentroinformativo.com.mx\/wp-content\/uploads\/2025\/02\/IMG-20250207-WA0028.jpg 1280w\" sizes=\"auto, (max-width: 300px) 100vw, 300px\" \/><\/p>\n","protected":false},"excerpt":{"rendered":"<p>Dar\u00edo Pale Xalapa, Ver.- Esta ma\u00f1ana se registr\u00f3 un accidente en la avenida \u00c1lamos del fraccionamiento Praderas donde un autob\u00fas de la l\u00ednea Autotransportes Banderilla (ATB), se vol\u00f3 el camell\u00f3n cayendo en el carril contrario donde seis personas resultaron lesionadas y tres de ellas fueron trasladadas. La unidad cubr\u00eda la ruta Trancas-Campo de Tiro cuando [&hellip;]<\/p>\n","protected":false},"author":2476,"featured_media":63478,"comment_status":"open","ping_status":"open","sticky":false,"template":"","format":"standard","meta":{"_jetpack_memberships_contains_paid_content":false,"footnotes":""},"categories":[8],"tags":[],"class_list":["post-63477","post","type-post","status-publish","format-standard","has-post-thumbnail","hentry","category-region"],"jetpack_featured_media_url":"https:\/\/encuentroinformativo.com.mx\/wp-content\/uploads\/2025\/02\/IMG-20250207-WA0030.jpg","jetpack_sharing_enabled":true,"jetpack_likes_enabled":true,"amp_enabled":true,"_links":{"self":[{"href":"https:\/\/encuentroinformativo.com.mx\/index.php?rest_route=\/wp\/v2\/posts\/63477","targetHints":{"allow":["GET"]}}],"collection":[{"href":"https:\/\/encuentroinformativo.com.mx\/index.php?rest_route=\/wp\/v2\/posts"}],"about":[{"href":"https:\/\/encuentroinformativo.com.mx\/index.php?rest_route=\/wp\/v2\/types\/post"}],"author":[{"embeddable":true,"href":"https:\/\/encuentroinformativo.com.mx\/index.php?rest_route=\/wp\/v2\/users\/2476"}],"replies":[{"embeddable":true,"href":"https:\/\/encuentroinformativo.com.mx\/index.php?rest_route=%2Fwp%2Fv2%2Fcomments&post=63477"}],"version-history":[{"count":2,"href":"https:\/\/encuentroinformativo.com.mx\/index.php?rest_route=\/wp\/v2\/posts\/63477\/revisions"}],"predecessor-version":[{"id":63481,"href":"https:\/\/encuentroinformativo.com.mx\/index.php?rest_route=\/wp\/v2\/posts\/63477\/revisions\/63481"}],"wp:featuredmedia":[{"embeddable":true,"href":"https:\/\/encuentroinformativo.com.mx\/index.php?rest_route=\/wp\/v2\/media\/63478"}],"wp:attachment":[{"href":"https:\/\/encuentroinformativo.com.mx\/index.php?rest_route=%2Fwp%2Fv2%2Fmedia&parent=63477"}],"wp:term":[{"taxonomy":"category","embeddable":true,"href":"https:\/\/encuentroinformativo.com.mx\/index.php?rest_route=%2Fwp%2Fv2%2Fcategories&post=63477"},{"taxonomy":"post_tag","embeddable":true,"href":"https:\/\/encuentroinformativo.com.mx\/index.php?rest_route=%2Fwp%2Fv2%2Ftags&post=63477"}],"curies":[{"name":"wp","href":"https:\/\/api.w.org\/{rel}","templated":true}]}}