{"id":63485,"date":"2025-02-07T13:35:52","date_gmt":"2025-02-07T19:35:52","guid":{"rendered":"https:\/\/encuentroinformativo.com.mx\/?p=63485"},"modified":"2025-02-07T13:35:52","modified_gmt":"2025-02-07T19:35:52","slug":"la-fiscal-no-ha-presentado-su-renuncia-tanya-carola","status":"publish","type":"post","link":"https:\/\/encuentroinformativo.com.mx\/?p=63485","title":{"rendered":"La fiscal no ha presentado su renuncia: Tanya Carola"},"content":{"rendered":"<p><strong style=\"font-size: 1rem;\">Dar\u00edo Pale<\/strong><\/p>\n<p>Xalapa, Ver.- La Fiscal General del Estado, Ver\u00f3nica Hern\u00e1ndez Giad\u00e1ns no ha presentado su renuncia al cargo ante las y los diputados como se rumor\u00f3 hace unos d\u00edas, as\u00ed lo dio a conocer la presidenta de la Mesa Directiva del Congreso del Estado, Tanya Carola Viveros Ch\u00e1zaro.<\/p>\n<p>En entrevista, reconoci\u00f3 que el periodo por el que ingres\u00f3 la titular de la Fiscal\u00eda fue de 9 a\u00f1os, pero ya se propuso una reforma para cambiar el periodo.<\/p>\n<p>Record\u00f3 que el diputado Diego Casta\u00f1eda Aburto present\u00f3 una iniciativa para acortar el periodo de la permanencia del o la titular del organismo aut\u00f3nomo y en ese sentido, adelant\u00f3 que la iniciativa se aprobar\u00e1 en breve.<\/p>\n<p>\u201cEst\u00e1n trabajando en el dictamen. S\u00ed hay un inter\u00e9s en modificar el tiempo que dura la Fiscal\u00eda porque es un elemento importante para el avance de cualquier gobierno. S\u00ed es un tema que lo vamos a ver.<\/p>\n<p>Eso no conlleva la remoci\u00f3n de la Fiscal, eso tendr\u00e1 que ser otra valoraci\u00f3n, empezando por la de ella (Ver\u00f3nica Hern\u00e1ndez) y, en su momento lo que se defina\u201d, manifest\u00f3.<\/p>\n<p>Viveros Ch\u00e1zaro consider\u00f3 que ser\u00e1 una cuesti\u00f3n de la Fiscal presentar la renuncia \u201cporque ya lleva bastantes a\u00f1os\u201d, aunque acept\u00f3 que no es por el total del periodo que le corresponde.<\/p>\n<p>Debido a lo anterior neg\u00f3 que la fiscal general del Estado, Ver\u00f3nica Hern\u00e1ndez Giad\u00e1ns, haya presentado su renuncia al cargo ante las y los diputados como se ha venido rumorando.<\/p>\n<p>\u201cAntes de que me pregunten sobre la supuesta renuncia, no hay tal renuncia, es un tema que ha sido de rumores\u201d, aclar\u00f3.<\/p>\n<p>Insisti\u00f3 que s\u00ed se debe acortar el periodo no por el trabajo que ha hecho sino por homologar el periodo de tiempo con las futuras administraciones y la coordinaci\u00f3n que pueda tener el o la fiscal en turno para el trabajo institucional.<\/p>\n<p>La legisladora aclar\u00f3 que no es que no se vaya a aprobar dicha reforma a la Fiscal\u00eda General del Estado, sino que primero quieren concluir las y los diputados locales el tema de la reforma al Poder Judicial del Estado.<\/p>\n<p>\u201cUna vez que podamos asentar un Poder Judicial m\u00e1s democr\u00e1tico, m\u00e1s justo para la gente, va a ser tema meterse de lleno a la Fiscal\u00eda, nadie dice que la Fiscal\u00eda as\u00ed como est\u00e1 funciona bien, que funciona perfectamente y que no tiene fallas, claro que las tiene y hay muchos faltantes ah\u00ed, pero vamos paso por paso\u201d, expuso.<\/p>\n<p>Finalmente no descart\u00f3 que la reforma a la Fiscal\u00eda propuesta por Casta\u00f1eda Aburto se vaya a aprobar durante el periodo de la Diputaci\u00f3n Permanente, pero en todo caso deber\u00e1n citar a una sesi\u00f3n extraordinaria del Pleno.<\/p>\n","protected":false},"excerpt":{"rendered":"<p>Dar\u00edo Pale Xalapa, Ver.- La Fiscal General del Estado, Ver\u00f3nica Hern\u00e1ndez Giad\u00e1ns no ha presentado su renuncia al cargo ante las y los diputados como se rumor\u00f3 hace unos d\u00edas, as\u00ed lo dio a conocer la presidenta de la Mesa Directiva del Congreso del Estado, Tanya Carola Viveros Ch\u00e1zaro. En entrevista, reconoci\u00f3 que el periodo [&hellip;]<\/p>\n","protected":false},"author":2476,"featured_media":58623,"comment_status":"open","ping_status":"open","sticky":false,"template":"","format":"standard","meta":{"_jetpack_memberships_contains_paid_content":false,"footnotes":""},"categories":[2],"tags":[],"class_list":["post-63485","post","type-post","status-publish","format-standard","has-post-thumbnail","hentry","category-estado"],"jetpack_featured_media_url":"https:\/\/encuentroinformativo.com.mx\/wp-content\/uploads\/2024\/09\/IMG-20240916-WA0085.jpg","jetpack_sharing_enabled":true,"jetpack_likes_enabled":true,"amp_enabled":true,"_links":{"self":[{"href":"https:\/\/encuentroinformativo.com.mx\/index.php?rest_route=\/wp\/v2\/posts\/63485","targetHints":{"allow":["GET"]}}],"collection":[{"href":"https:\/\/encuentroinformativo.com.mx\/index.php?rest_route=\/wp\/v2\/posts"}],"about":[{"href":"https:\/\/encuentroinformativo.com.mx\/index.php?rest_route=\/wp\/v2\/types\/post"}],"author":[{"embeddable":true,"href":"https:\/\/encuentroinformativo.com.mx\/index.php?rest_route=\/wp\/v2\/users\/2476"}],"replies":[{"embeddable":true,"href":"https:\/\/encuentroinformativo.com.mx\/index.php?rest_route=%2Fwp%2Fv2%2Fcomments&post=63485"}],"version-history":[{"count":1,"href":"https:\/\/encuentroinformativo.com.mx\/index.php?rest_route=\/wp\/v2\/posts\/63485\/revisions"}],"predecessor-version":[{"id":63486,"href":"https:\/\/encuentroinformativo.com.mx\/index.php?rest_route=\/wp\/v2\/posts\/63485\/revisions\/63486"}],"wp:featuredmedia":[{"embeddable":true,"href":"https:\/\/encuentroinformativo.com.mx\/index.php?rest_route=\/wp\/v2\/media\/58623"}],"wp:attachment":[{"href":"https:\/\/encuentroinformativo.com.mx\/index.php?rest_route=%2Fwp%2Fv2%2Fmedia&parent=63485"}],"wp:term":[{"taxonomy":"category","embeddable":true,"href":"https:\/\/encuentroinformativo.com.mx\/index.php?rest_route=%2Fwp%2Fv2%2Fcategories&post=63485"},{"taxonomy":"post_tag","embeddable":true,"href":"https:\/\/encuentroinformativo.com.mx\/index.php?rest_route=%2Fwp%2Fv2%2Ftags&post=63485"}],"curies":[{"name":"wp","href":"https:\/\/api.w.org\/{rel}","templated":true}]}}