{"id":63490,"date":"2025-02-07T13:42:48","date_gmt":"2025-02-07T19:42:48","guid":{"rendered":"https:\/\/encuentroinformativo.com.mx\/?p=63490"},"modified":"2025-02-07T13:42:48","modified_gmt":"2025-02-07T19:42:48","slug":"despiden-a-empleados-del-tecnologico-de-misantla-por-whatsapp","status":"publish","type":"post","link":"https:\/\/encuentroinformativo.com.mx\/?p=63490","title":{"rendered":"Despiden a empleados del tecnol\u00f3gico de Misantla por WhatsApp"},"content":{"rendered":"<p><strong style=\"font-size: 1rem;\">Alejandro \u00c1vila<\/strong><\/p>\n<p>Misantla, Ver.- Empleados del Instituto Tecnol\u00f3gico Superior de Misantla (ITSM) fueron despedidos v\u00eda WhatsApp, bajo el argumento de falta de recursos.<\/p>\n<p>Se trata de seis trabajadores, algunos de \u00e1rea administrativa y otros de servicios generales, todos con 13 a\u00f1os de experiencia, a estos empleados ya se les adeudaban dos quincenas y el aguinaldo.<\/p>\n<p>Boset Ram\u00edrez D\u00edaz, uno de los afectados, mencion\u00f3 que desde la llegada de la nueva titular del ITSM, Sacsi Xhanat Cervantes Herrera, ha habido muchas irregularidades por falta de planeaci\u00f3n y no la capacidad administrativa.<\/p>\n<p>A pesar de los problemas para lograr sacar adelante la m\u00e1xima casa de estudios de Misantla, la directora del plantel educativo se escuda en que es recomendada y amiga del alcalde, Javier Hern\u00e1ndez Candanedo.<\/p>\n<p>Los elementos despedidos injustificadamente solicitan el apoyo de la gobernadora, Roc\u00edo Nahle Garc\u00eda, y la intervenci\u00f3n de la secretaria de Educaci\u00f3n, Claudia Tello Espinoza.<\/p>\n","protected":false},"excerpt":{"rendered":"<p>Alejandro \u00c1vila Misantla, Ver.- Empleados del Instituto Tecnol\u00f3gico Superior de Misantla (ITSM) fueron despedidos v\u00eda WhatsApp, bajo el argumento de falta de recursos. Se trata de seis trabajadores, algunos de \u00e1rea administrativa y otros de servicios generales, todos con 13 a\u00f1os de experiencia, a estos empleados ya se les adeudaban dos quincenas y el aguinaldo. [&hellip;]<\/p>\n","protected":false},"author":2476,"featured_media":63491,"comment_status":"open","ping_status":"open","sticky":false,"template":"","format":"standard","meta":{"_jetpack_memberships_contains_paid_content":false,"footnotes":""},"categories":[2],"tags":[118],"class_list":["post-63490","post","type-post","status-publish","format-standard","has-post-thumbnail","hentry","category-estado","tag-unanue-ayuntamientos-abogados"],"jetpack_featured_media_url":"https:\/\/encuentroinformativo.com.mx\/wp-content\/uploads\/2025\/02\/IMG-20250207-WA0051.jpg","jetpack_sharing_enabled":true,"jetpack_likes_enabled":true,"amp_enabled":true,"_links":{"self":[{"href":"https:\/\/encuentroinformativo.com.mx\/index.php?rest_route=\/wp\/v2\/posts\/63490","targetHints":{"allow":["GET"]}}],"collection":[{"href":"https:\/\/encuentroinformativo.com.mx\/index.php?rest_route=\/wp\/v2\/posts"}],"about":[{"href":"https:\/\/encuentroinformativo.com.mx\/index.php?rest_route=\/wp\/v2\/types\/post"}],"author":[{"embeddable":true,"href":"https:\/\/encuentroinformativo.com.mx\/index.php?rest_route=\/wp\/v2\/users\/2476"}],"replies":[{"embeddable":true,"href":"https:\/\/encuentroinformativo.com.mx\/index.php?rest_route=%2Fwp%2Fv2%2Fcomments&post=63490"}],"version-history":[{"count":1,"href":"https:\/\/encuentroinformativo.com.mx\/index.php?rest_route=\/wp\/v2\/posts\/63490\/revisions"}],"predecessor-version":[{"id":63492,"href":"https:\/\/encuentroinformativo.com.mx\/index.php?rest_route=\/wp\/v2\/posts\/63490\/revisions\/63492"}],"wp:featuredmedia":[{"embeddable":true,"href":"https:\/\/encuentroinformativo.com.mx\/index.php?rest_route=\/wp\/v2\/media\/63491"}],"wp:attachment":[{"href":"https:\/\/encuentroinformativo.com.mx\/index.php?rest_route=%2Fwp%2Fv2%2Fmedia&parent=63490"}],"wp:term":[{"taxonomy":"category","embeddable":true,"href":"https:\/\/encuentroinformativo.com.mx\/index.php?rest_route=%2Fwp%2Fv2%2Fcategories&post=63490"},{"taxonomy":"post_tag","embeddable":true,"href":"https:\/\/encuentroinformativo.com.mx\/index.php?rest_route=%2Fwp%2Fv2%2Ftags&post=63490"}],"curies":[{"name":"wp","href":"https:\/\/api.w.org\/{rel}","templated":true}]}}