{"id":63496,"date":"2025-02-07T13:51:08","date_gmt":"2025-02-07T19:51:08","guid":{"rendered":"https:\/\/encuentroinformativo.com.mx\/?p=63496"},"modified":"2025-02-07T13:51:08","modified_gmt":"2025-02-07T19:51:08","slug":"tejeria-si-hara-carnaval-en-las-fechas-que-marca-la-tradicion","status":"publish","type":"post","link":"https:\/\/encuentroinformativo.com.mx\/?p=63496","title":{"rendered":"Tejer\u00eda s\u00ed har\u00e1 Carnaval en las fechas que marca la tradici\u00f3n"},"content":{"rendered":"<p><strong style=\"font-size: 1rem;\">Alejandro \u00c1vila<\/strong><\/p>\n<p>Veracruz, Ver. &#8211; La localidad de Tejer\u00eda perteneciente al municipio de Veracruz, realizar\u00e1 los festejos de Carnaval en las fechas que marca la tradici\u00f3n mundial.<\/p>\n<p>Del 14 al 16 de febrero, 25 grupos entre los que destacan comparsas, bastoneras, carros aleg\u00f3ricos y batucada, dar\u00e1n alegr\u00eda a las calles de la mencionada localidad, se\u00f1al\u00f3 Alejandro S\u00e1nchez Ortiz, presidente del Comit\u00e9 de Carnaval.<\/p>\n<p>Se estima que entre los tres d\u00edas de esta fiesta se puedan recibir aproximadamente a 14 mil personas; mismas que se prev\u00e9 dejen una derrama econ\u00f3mica de 200 mil pesos.<\/p>\n<p>S\u00e1nchez Ortiz, mencion\u00f3 que se realizar\u00e1n dos desfiles, uno el s\u00e1bado y otro el domingo, estos a partir de las 18 horas ambos, el recorrido ser\u00e1 desde el Torre\u00f3n del Molino hasta el parque central de Tejer\u00eda.<\/p>\n<p>Entre el elenco art\u00edstico se presentar\u00e1n \u201cLos Chicos Damian\u201d, el viernes 14, para el s\u00e1bado estar\u00e1n \u201cLos Cadetes de Linares\u201d y \u201cLa Sonora Dinamita\u201d.<\/p>\n<p>En el evento habr\u00e1 feria popular, venta de antojitos y presentaciones de artistas urbanos.<\/p>\n","protected":false},"excerpt":{"rendered":"<p>Alejandro \u00c1vila Veracruz, Ver. &#8211; La localidad de Tejer\u00eda perteneciente al municipio de Veracruz, realizar\u00e1 los festejos de Carnaval en las fechas que marca la tradici\u00f3n mundial. Del 14 al 16 de febrero, 25 grupos entre los que destacan comparsas, bastoneras, carros aleg\u00f3ricos y batucada, dar\u00e1n alegr\u00eda a las calles de la mencionada localidad, se\u00f1al\u00f3 [&hellip;]<\/p>\n","protected":false},"author":2476,"featured_media":63497,"comment_status":"open","ping_status":"open","sticky":false,"template":"","format":"standard","meta":{"_jetpack_memberships_contains_paid_content":false,"footnotes":""},"categories":[2],"tags":[],"class_list":["post-63496","post","type-post","status-publish","format-standard","has-post-thumbnail","hentry","category-estado"],"jetpack_featured_media_url":"https:\/\/encuentroinformativo.com.mx\/wp-content\/uploads\/2025\/02\/IMG-20250207-WA01402.jpg","jetpack_sharing_enabled":true,"jetpack_likes_enabled":true,"amp_enabled":true,"_links":{"self":[{"href":"https:\/\/encuentroinformativo.com.mx\/index.php?rest_route=\/wp\/v2\/posts\/63496","targetHints":{"allow":["GET"]}}],"collection":[{"href":"https:\/\/encuentroinformativo.com.mx\/index.php?rest_route=\/wp\/v2\/posts"}],"about":[{"href":"https:\/\/encuentroinformativo.com.mx\/index.php?rest_route=\/wp\/v2\/types\/post"}],"author":[{"embeddable":true,"href":"https:\/\/encuentroinformativo.com.mx\/index.php?rest_route=\/wp\/v2\/users\/2476"}],"replies":[{"embeddable":true,"href":"https:\/\/encuentroinformativo.com.mx\/index.php?rest_route=%2Fwp%2Fv2%2Fcomments&post=63496"}],"version-history":[{"count":1,"href":"https:\/\/encuentroinformativo.com.mx\/index.php?rest_route=\/wp\/v2\/posts\/63496\/revisions"}],"predecessor-version":[{"id":63498,"href":"https:\/\/encuentroinformativo.com.mx\/index.php?rest_route=\/wp\/v2\/posts\/63496\/revisions\/63498"}],"wp:featuredmedia":[{"embeddable":true,"href":"https:\/\/encuentroinformativo.com.mx\/index.php?rest_route=\/wp\/v2\/media\/63497"}],"wp:attachment":[{"href":"https:\/\/encuentroinformativo.com.mx\/index.php?rest_route=%2Fwp%2Fv2%2Fmedia&parent=63496"}],"wp:term":[{"taxonomy":"category","embeddable":true,"href":"https:\/\/encuentroinformativo.com.mx\/index.php?rest_route=%2Fwp%2Fv2%2Fcategories&post=63496"},{"taxonomy":"post_tag","embeddable":true,"href":"https:\/\/encuentroinformativo.com.mx\/index.php?rest_route=%2Fwp%2Fv2%2Ftags&post=63496"}],"curies":[{"name":"wp","href":"https:\/\/api.w.org\/{rel}","templated":true}]}}