{"id":63500,"date":"2025-02-07T19:44:40","date_gmt":"2025-02-08T01:44:40","guid":{"rendered":"https:\/\/encuentroinformativo.com.mx\/?p=63500"},"modified":"2025-02-07T19:44:40","modified_gmt":"2025-02-08T01:44:40","slug":"primordial-garantizar-el-derecho-a-la-debida-defensa-a-las-personas-indigenas-daniela-suarez","status":"publish","type":"post","link":"https:\/\/encuentroinformativo.com.mx\/?p=63500","title":{"rendered":"Primordial garantizar el derecho a la debida defensa a las personas ind\u00edgenas: Daniela Su\u00e1rez"},"content":{"rendered":"<p><strong style=\"font-size: 1rem;\">Alejandro \u00c1vila<\/strong><\/p>\n<p>Veracruz, Ver.- Los grupos vulnerables son los que mayores problemas presentaban en los juicios en M\u00e9xico, por lo cual es importante garantizar el derecho a su debida defensa, se\u00f1al\u00f3 la maestra en Derecho, Daniela del Carmen Su\u00e1rez de los Santos.<\/p>\n<p>La veracruzana qui\u00e9n fue integrante de la Suprema Corte de Justicia de la Naci\u00f3n, se\u00f1al\u00f3 que uno de los principales motivos que gener\u00f3 la r<br \/>\nReforma Judicial fue la lejan\u00eda del derecho con las personas, ya que la mayor\u00eda de los mexicanos no conoce sus derechos o a qu\u00e9 instancia acudir.<\/p>\n<p>&#8220;Las personas juzgadoras cu\u00e1ndo resolvemos un caso de una persona ind\u00edgena es muy importante en primer lugar brindarle un int\u00e9rprete que hable en su lengua, acu\u00e9rdense que hay muchos asuntos de personas ind\u00edgenas que se llevan sin un traductor o un int\u00e9rprete que conozca su lengua, b\u00e1sicamente pues est\u00e1 hablando en otro idioma y nunca saben la causa, por ejemplo en asunto penal por el cual est\u00e1 siendo acusado. Entonces, es muy importante garantizar defensa adecuada a las personas ind\u00edgenas, pero no solamente defensa adecuada, sino tambi\u00e9n int\u00e9rpretes que conozca su lengua y su cultura, y el derecho, porque esto va a garantizar en mejor medida su derecho a la debida defensa&#8221;, expres\u00f3.<\/p>\n<p>Finalmente, mencion\u00f3 que la reforma viene a contribuir al Poder Judicial y a mejorarlo, y le apuesta a una justicia m\u00e1s humana, m\u00e1s cercana a la gente.<\/p>\n<p>&#8220;Desde mi punto de vista creo que hay que estar consciente de que la reforma ya est\u00e1 en la Constituci\u00f3n, la reforma ya es un hecho, por eso lo m\u00e1s importante es que el pueblo de M\u00e9xico se informe, para que a la hora que elija a sus personas juzgadoras se cercior\u00e9 de que sean los mejores perfiles, yo estoy segura de que con la ayuda del pueblo de M\u00e9xico van a ser las mejores personas las que van a ocupar ese cargo&#8221;, remat\u00f3.<\/p>\n","protected":false},"excerpt":{"rendered":"<p>Alejandro \u00c1vila Veracruz, Ver.- Los grupos vulnerables son los que mayores problemas presentaban en los juicios en M\u00e9xico, por lo cual es importante garantizar el derecho a su debida defensa, se\u00f1al\u00f3 la maestra en Derecho, Daniela del Carmen Su\u00e1rez de los Santos. La veracruzana qui\u00e9n fue integrante de la Suprema Corte de Justicia de la [&hellip;]<\/p>\n","protected":false},"author":2476,"featured_media":63501,"comment_status":"open","ping_status":"open","sticky":false,"template":"","format":"standard","meta":{"_jetpack_memberships_contains_paid_content":false,"footnotes":""},"categories":[2],"tags":[],"class_list":["post-63500","post","type-post","status-publish","format-standard","has-post-thumbnail","hentry","category-estado"],"jetpack_featured_media_url":"https:\/\/encuentroinformativo.com.mx\/wp-content\/uploads\/2025\/02\/IMG-20250207-WA0363.jpg","jetpack_sharing_enabled":true,"jetpack_likes_enabled":true,"amp_enabled":true,"_links":{"self":[{"href":"https:\/\/encuentroinformativo.com.mx\/index.php?rest_route=\/wp\/v2\/posts\/63500","targetHints":{"allow":["GET"]}}],"collection":[{"href":"https:\/\/encuentroinformativo.com.mx\/index.php?rest_route=\/wp\/v2\/posts"}],"about":[{"href":"https:\/\/encuentroinformativo.com.mx\/index.php?rest_route=\/wp\/v2\/types\/post"}],"author":[{"embeddable":true,"href":"https:\/\/encuentroinformativo.com.mx\/index.php?rest_route=\/wp\/v2\/users\/2476"}],"replies":[{"embeddable":true,"href":"https:\/\/encuentroinformativo.com.mx\/index.php?rest_route=%2Fwp%2Fv2%2Fcomments&post=63500"}],"version-history":[{"count":1,"href":"https:\/\/encuentroinformativo.com.mx\/index.php?rest_route=\/wp\/v2\/posts\/63500\/revisions"}],"predecessor-version":[{"id":63502,"href":"https:\/\/encuentroinformativo.com.mx\/index.php?rest_route=\/wp\/v2\/posts\/63500\/revisions\/63502"}],"wp:featuredmedia":[{"embeddable":true,"href":"https:\/\/encuentroinformativo.com.mx\/index.php?rest_route=\/wp\/v2\/media\/63501"}],"wp:attachment":[{"href":"https:\/\/encuentroinformativo.com.mx\/index.php?rest_route=%2Fwp%2Fv2%2Fmedia&parent=63500"}],"wp:term":[{"taxonomy":"category","embeddable":true,"href":"https:\/\/encuentroinformativo.com.mx\/index.php?rest_route=%2Fwp%2Fv2%2Fcategories&post=63500"},{"taxonomy":"post_tag","embeddable":true,"href":"https:\/\/encuentroinformativo.com.mx\/index.php?rest_route=%2Fwp%2Fv2%2Ftags&post=63500"}],"curies":[{"name":"wp","href":"https:\/\/api.w.org\/{rel}","templated":true}]}}