{"id":63503,"date":"2025-02-07T20:01:27","date_gmt":"2025-02-08T02:01:27","guid":{"rendered":"https:\/\/encuentroinformativo.com.mx\/?p=63503"},"modified":"2025-02-07T20:01:27","modified_gmt":"2025-02-08T02:01:27","slug":"congreso-presente-en-atencion-a-ganaderos-de-la-region-de-las-choapas","status":"publish","type":"post","link":"https:\/\/encuentroinformativo.com.mx\/?p=63503","title":{"rendered":"Congreso, presente en atenci\u00f3n a ganaderos de la regi\u00f3n de Las Choapas"},"content":{"rendered":"<p style=\"font-weight: 400;\">Las Choapas, Ver.- El presidente de la Junta de Coordinaci\u00f3n Pol\u00edtica (Jucopo) de la LXVII Legislatura, diputado Esteban Bautista Hern\u00e1ndez, y las diputadas Naomi Edith G\u00f3mez Santos e Ingrid Jeny Calder\u00f3n Dom\u00ednguez, participaron en la reuni\u00f3n de trabajo, encabezada por la gobernadora de Veracruz, ingeniera Roc\u00edo Nahle Garc\u00eda, en la que se abordaron temas de suma importancia relacionados con la supervisi\u00f3n de sanidad animal y el cuidado del hato ganadero.<\/p>\n<p style=\"font-weight: 400;\"><span style=\"font-size: 1rem;\">En este encuentro, celebrado en el municipio de Las Choapas, se cont\u00f3 con la participaci\u00f3n del titular de la Secretar\u00eda de Desarrollo Agropecuario, Rural y Pesca (Sedarpa), Rodrigo Calder\u00f3n Salas, ganaderas y ganaderos de la regi\u00f3n, as\u00ed como representantes de diversas organizaciones.<\/span><\/p>\n<p><img loading=\"lazy\" decoding=\"async\" class=\"alignnone size-medium wp-image-63505\" src=\"https:\/\/encuentroinformativo.com.mx\/wp-content\/uploads\/2025\/02\/NOV07FEB2025EBHGANADEROS3-300x200.jpeg\" alt=\"\" width=\"300\" height=\"200\" srcset=\"https:\/\/encuentroinformativo.com.mx\/wp-content\/uploads\/2025\/02\/NOV07FEB2025EBHGANADEROS3-300x200.jpeg 300w, https:\/\/encuentroinformativo.com.mx\/wp-content\/uploads\/2025\/02\/NOV07FEB2025EBHGANADEROS3-1024x683.jpeg 1024w, https:\/\/encuentroinformativo.com.mx\/wp-content\/uploads\/2025\/02\/NOV07FEB2025EBHGANADEROS3-768x512.jpeg 768w, https:\/\/encuentroinformativo.com.mx\/wp-content\/uploads\/2025\/02\/NOV07FEB2025EBHGANADEROS3-1536x1024.jpeg 1536w, https:\/\/encuentroinformativo.com.mx\/wp-content\/uploads\/2025\/02\/NOV07FEB2025EBHGANADEROS3-2048x1365.jpeg 2048w\" sizes=\"auto, (max-width: 300px) 100vw, 300px\" \/><\/p>\n","protected":false},"excerpt":{"rendered":"<p>Las Choapas, Ver.- El presidente de la Junta de Coordinaci\u00f3n Pol\u00edtica (Jucopo) de la LXVII Legislatura, diputado Esteban Bautista Hern\u00e1ndez, y las diputadas Naomi Edith G\u00f3mez Santos e Ingrid Jeny Calder\u00f3n Dom\u00ednguez, participaron en la reuni\u00f3n de trabajo, encabezada por la gobernadora de Veracruz, ingeniera Roc\u00edo Nahle Garc\u00eda, en la que se abordaron temas de [&hellip;]<\/p>\n","protected":false},"author":2476,"featured_media":63504,"comment_status":"open","ping_status":"open","sticky":false,"template":"","format":"standard","meta":{"_jetpack_memberships_contains_paid_content":false,"footnotes":""},"categories":[2],"tags":[],"class_list":["post-63503","post","type-post","status-publish","format-standard","has-post-thumbnail","hentry","category-estado"],"jetpack_featured_media_url":"https:\/\/encuentroinformativo.com.mx\/wp-content\/uploads\/2025\/02\/NOV07FEB2025EBHGANADEROS1.jpeg","jetpack_sharing_enabled":true,"jetpack_likes_enabled":true,"amp_enabled":true,"_links":{"self":[{"href":"https:\/\/encuentroinformativo.com.mx\/index.php?rest_route=\/wp\/v2\/posts\/63503","targetHints":{"allow":["GET"]}}],"collection":[{"href":"https:\/\/encuentroinformativo.com.mx\/index.php?rest_route=\/wp\/v2\/posts"}],"about":[{"href":"https:\/\/encuentroinformativo.com.mx\/index.php?rest_route=\/wp\/v2\/types\/post"}],"author":[{"embeddable":true,"href":"https:\/\/encuentroinformativo.com.mx\/index.php?rest_route=\/wp\/v2\/users\/2476"}],"replies":[{"embeddable":true,"href":"https:\/\/encuentroinformativo.com.mx\/index.php?rest_route=%2Fwp%2Fv2%2Fcomments&post=63503"}],"version-history":[{"count":1,"href":"https:\/\/encuentroinformativo.com.mx\/index.php?rest_route=\/wp\/v2\/posts\/63503\/revisions"}],"predecessor-version":[{"id":63506,"href":"https:\/\/encuentroinformativo.com.mx\/index.php?rest_route=\/wp\/v2\/posts\/63503\/revisions\/63506"}],"wp:featuredmedia":[{"embeddable":true,"href":"https:\/\/encuentroinformativo.com.mx\/index.php?rest_route=\/wp\/v2\/media\/63504"}],"wp:attachment":[{"href":"https:\/\/encuentroinformativo.com.mx\/index.php?rest_route=%2Fwp%2Fv2%2Fmedia&parent=63503"}],"wp:term":[{"taxonomy":"category","embeddable":true,"href":"https:\/\/encuentroinformativo.com.mx\/index.php?rest_route=%2Fwp%2Fv2%2Fcategories&post=63503"},{"taxonomy":"post_tag","embeddable":true,"href":"https:\/\/encuentroinformativo.com.mx\/index.php?rest_route=%2Fwp%2Fv2%2Ftags&post=63503"}],"curies":[{"name":"wp","href":"https:\/\/api.w.org\/{rel}","templated":true}]}}