{"id":63507,"date":"2025-02-07T21:30:27","date_gmt":"2025-02-08T03:30:27","guid":{"rendered":"https:\/\/encuentroinformativo.com.mx\/?p=63507"},"modified":"2025-02-07T21:30:27","modified_gmt":"2025-02-08T03:30:27","slug":"el-poder-judicial-le-habia-fallado-a-la-ciudadania-magistrada","status":"publish","type":"post","link":"https:\/\/encuentroinformativo.com.mx\/?p=63507","title":{"rendered":"El Poder Judicial le hab\u00eda fallado a la ciudadan\u00eda: Magistrada"},"content":{"rendered":"<p><strong style=\"font-size: 1rem;\">Alejandro \u00c1vila<\/strong><\/p>\n<p>Veracruz, Ver.- Existe una mala apreciaci\u00f3n de la ciudadan\u00eda sobre los aspirantes es la elecci\u00f3n judicial; adem\u00e1s agreg\u00f3 que el poder judicial le hab\u00eda fallado a la ciudadan\u00eda y es el momento adecuado para recuperar esa confianza, se\u00f1al\u00f3 Ana Mar\u00eda Ibarra Olgu\u00edn, Magistrada de Circuito.<\/p>\n<p>La juzgadora mencion\u00f3 que este es un sistema h\u00edbrido y agreg\u00f3 que los tres Poderes del Estado formaron un comit\u00e9 de evaluaci\u00f3n muy riguroso, los cuales evaluaron los perfiles t\u00e9cnicos de los aspirantes, hicieron entrevistas a los postulantes.<\/p>\n<p>&#8220;Fue una selecci\u00f3n de los perfiles, de su trayectoria profesional, de su trayectoria curricular y \u00e9tica, despu\u00e9s de eso hubo una insaculaci\u00f3n, para que la insaculaci\u00f3n, dicen todo se dej\u00f3 a la t\u00f3mbola a la suerte, pues simplemente para compaginar el n\u00famero de postulantes con los cargos disponibles, pero al final van a ser las y los ciudadanos los que van a elegir qui\u00e9nes son nuestros pr\u00f3ximos jueces de este pa\u00eds. Entonces, es un sistema h\u00edbrido que conjunta las cualidades t\u00e9cnicas con la voluntad popular, y esto era absolutamente necesario porque necesitamos cerrar la brecha de desconfianza que existe con la ciudadan\u00eda. El Poder Judicial le hab\u00eda fallado a la ciudadan\u00eda y es momento de recuperar esa confianza&#8221;, expres\u00f3.<\/p>\n<p>Este viernes por la noche, la Magistrada ofreci\u00f3 una ponencia en la universidad Crist\u00f3bal Col\u00f3n, sobre el tema &#8220;qu\u00e9 jueces queremos y qu\u00e9 jueces necesitamos&#8221;, d\u00f3nde expuso los pormenores de la Reforma Judicial y que ahora est\u00e1 en manos de la ciudadan\u00eda elegir a los pr\u00f3ximos juzgadores.<\/p>\n<p>&#8220;Nos obliga a los juzgadores a ser transparentes con la gente, a decirles cual es nuestra visi\u00f3n de la justicia, que queremos, a que aspiramos, cuales son nuestros valores, nos pone de frente a la ciudadan\u00eda, que ellos eval\u00faen cuales son nuestros valores, nuestro perfil \u00e9tico, todo lo que hemos hecho en nuestros a\u00f1os p\u00fablicos, al final creo que generar\u00e1 una justicia m\u00e1s transparente&#8221;, culmin\u00f3.<\/p>\n","protected":false},"excerpt":{"rendered":"<p>Alejandro \u00c1vila Veracruz, Ver.- Existe una mala apreciaci\u00f3n de la ciudadan\u00eda sobre los aspirantes es la elecci\u00f3n judicial; adem\u00e1s agreg\u00f3 que el poder judicial le hab\u00eda fallado a la ciudadan\u00eda y es el momento adecuado para recuperar esa confianza, se\u00f1al\u00f3 Ana Mar\u00eda Ibarra Olgu\u00edn, Magistrada de Circuito. La juzgadora mencion\u00f3 que este es un sistema [&hellip;]<\/p>\n","protected":false},"author":2476,"featured_media":63508,"comment_status":"open","ping_status":"open","sticky":false,"template":"","format":"standard","meta":{"_jetpack_memberships_contains_paid_content":false,"footnotes":""},"categories":[2],"tags":[],"class_list":["post-63507","post","type-post","status-publish","format-standard","has-post-thumbnail","hentry","category-estado"],"jetpack_featured_media_url":"https:\/\/encuentroinformativo.com.mx\/wp-content\/uploads\/2025\/02\/IMG-20250207-WA0373.jpg","jetpack_sharing_enabled":true,"jetpack_likes_enabled":true,"amp_enabled":true,"_links":{"self":[{"href":"https:\/\/encuentroinformativo.com.mx\/index.php?rest_route=\/wp\/v2\/posts\/63507","targetHints":{"allow":["GET"]}}],"collection":[{"href":"https:\/\/encuentroinformativo.com.mx\/index.php?rest_route=\/wp\/v2\/posts"}],"about":[{"href":"https:\/\/encuentroinformativo.com.mx\/index.php?rest_route=\/wp\/v2\/types\/post"}],"author":[{"embeddable":true,"href":"https:\/\/encuentroinformativo.com.mx\/index.php?rest_route=\/wp\/v2\/users\/2476"}],"replies":[{"embeddable":true,"href":"https:\/\/encuentroinformativo.com.mx\/index.php?rest_route=%2Fwp%2Fv2%2Fcomments&post=63507"}],"version-history":[{"count":1,"href":"https:\/\/encuentroinformativo.com.mx\/index.php?rest_route=\/wp\/v2\/posts\/63507\/revisions"}],"predecessor-version":[{"id":63509,"href":"https:\/\/encuentroinformativo.com.mx\/index.php?rest_route=\/wp\/v2\/posts\/63507\/revisions\/63509"}],"wp:featuredmedia":[{"embeddable":true,"href":"https:\/\/encuentroinformativo.com.mx\/index.php?rest_route=\/wp\/v2\/media\/63508"}],"wp:attachment":[{"href":"https:\/\/encuentroinformativo.com.mx\/index.php?rest_route=%2Fwp%2Fv2%2Fmedia&parent=63507"}],"wp:term":[{"taxonomy":"category","embeddable":true,"href":"https:\/\/encuentroinformativo.com.mx\/index.php?rest_route=%2Fwp%2Fv2%2Fcategories&post=63507"},{"taxonomy":"post_tag","embeddable":true,"href":"https:\/\/encuentroinformativo.com.mx\/index.php?rest_route=%2Fwp%2Fv2%2Ftags&post=63507"}],"curies":[{"name":"wp","href":"https:\/\/api.w.org\/{rel}","templated":true}]}}