{"id":63537,"date":"2025-02-10T09:40:08","date_gmt":"2025-02-10T15:40:08","guid":{"rendered":"https:\/\/encuentroinformativo.com.mx\/?p=63537"},"modified":"2025-02-10T09:40:08","modified_gmt":"2025-02-10T15:40:08","slug":"reclaman-jovenes-asignacion-de-plazas-en-la-sev","status":"publish","type":"post","link":"https:\/\/encuentroinformativo.com.mx\/?p=63537","title":{"rendered":"Reclaman j\u00f3venes asignaci\u00f3n de plazas en la SEV"},"content":{"rendered":"<p><strong style=\"font-size: 1rem;\">Dar\u00edo Pale<\/strong><\/p>\n<p>Xalapa, Ver.- Toman las Instalaciones de la Secretar\u00eda de Educaci\u00f3n de Veracruz (SEV), un grupo de j\u00f3venes para exigir plazas definitivas, ya que no quieren seguir cubriendo solo interinatos y son mas de mil los que se est\u00e1n viendo afectados.<\/p>\n<p>Entrevistada durante la manifestaci\u00f3n, Sandra Cristabel, dio a conocer que son un grupo de j\u00f3venes aspirantes a una plaza docente definitiva, son participantes del proceso de admisi\u00f3n de educaci\u00f3n b\u00e1sica y media superior del periodo 2024-2025.<\/p>\n<p>\u201cEstamos exigiendo que se haga un recuento de las plazas definitivas y que sean entregadas a la brevedad con n\u00famero de apelaci\u00f3n correcto para que todos los compa\u00f1eros que vinieron a manifestarse junto con una servidora sea meramente respetuoso, pac\u00edfico para nosotros y que sea respetado nuestro derecho que se marca en la convocatoria\u201d, se\u00f1al\u00f3.<\/p>\n<p>Quieren que les asignen las plazas definitivas y que ya comiencen a llamarlos, ya que desde el mes de diciembre no les han dicho nada por lo cual est\u00e1n exigiendo la plaza a todos sus compa\u00f1eros que est\u00e1n previos y para los que se est\u00e1n manifestado.<\/p>\n<p>Coment\u00f3 que la convocatoria sigue siendo la misma lo \u00fanico que ha cambiado son algunas cosas como cursos que tienen que realizar las cuales tienen que pagar ellos con instituciones como el CAM, algunas escuelas como universidades para que les hagan una constancia y les hagan validadas los cursos curriculares.<\/p>\n<p>Esto es para que seg\u00fan sean m\u00e1s \u201captos\u201d y tener mas puntaje pero en realidad en este caso no es esa su inconformidad mas bien es que no hay movimiento, ni activaci\u00f3n de plazas, no est\u00e1n llamando a los de educaci\u00f3n b\u00e1sica y superior para llamados definitivos ya no quieren interinatos.<\/p>\n<p>Dio a conocer que vienen de todo el estado, ya que son m\u00e1s de mil los que se ven afectados en las diferentes licenciaturas ya que cada d\u00eda se hace un rezago m\u00e1s grande, y donde se tiene que volver a presentar ya que no hay suficientes plazas que les asignen.<\/p>\n<p>En sus pancartas se leen distintas consignas como &#8220;queremos plazas definitivas&#8221;, &#8220;\u00bfporqu\u00e9 nos dicen que no hay plazas definitivas?&#8221;, &#8220;los docentes del estado de Veracruz que participamos en el proceso de admisi\u00f3n 2024 &#8211; 2025 en Educaci\u00f3n B\u00e1sica solicitamos plazas definitivas conforme al listado de prelaci\u00f3n: Preescolar, Primaria, Secundaria, Telesecundaria&#8221;.<\/p>\n<p>Llegaron desde las 07:00 de la ma\u00f1ana y colocaron sus pancartas y lonas, para llevar a cabo la protesta y tambi\u00e9n la toma de las instalaciones; al port\u00f3n le colocaron cadenas y candados para impedir el acceso al personal.<\/p>\n<p>Dijeron que continuar\u00e1n con las manifestaciones en la SEV y tambi\u00e9n en las distintas delegaciones para la exigencia de la asignaci\u00f3n de plazas, pues indicaron que ya no est\u00e1n dispuestos en aceptar las temporales.<\/p>\n<p>Esperan que este mismo lunes 10 de febrero sean atendidos y les den a conocer alguna soluci\u00f3n, pues de lo contrario seguir\u00e1n con las protestas en todo el estado de Veracruz.<\/p>\n<p><img loading=\"lazy\" decoding=\"async\" class=\"alignnone size-medium wp-image-63540\" src=\"https:\/\/encuentroinformativo.com.mx\/wp-content\/uploads\/2025\/02\/IMG-20250210-WA0054-300x169.jpg\" alt=\"\" width=\"300\" height=\"169\" srcset=\"https:\/\/encuentroinformativo.com.mx\/wp-content\/uploads\/2025\/02\/IMG-20250210-WA0054-300x169.jpg 300w, https:\/\/encuentroinformativo.com.mx\/wp-content\/uploads\/2025\/02\/IMG-20250210-WA0054-1024x576.jpg 1024w, https:\/\/encuentroinformativo.com.mx\/wp-content\/uploads\/2025\/02\/IMG-20250210-WA0054-768x432.jpg 768w, https:\/\/encuentroinformativo.com.mx\/wp-content\/uploads\/2025\/02\/IMG-20250210-WA0054-1536x864.jpg 1536w, https:\/\/encuentroinformativo.com.mx\/wp-content\/uploads\/2025\/02\/IMG-20250210-WA0054.jpg 1600w\" sizes=\"auto, (max-width: 300px) 100vw, 300px\" \/><\/p>\n","protected":false},"excerpt":{"rendered":"<p>Dar\u00edo Pale Xalapa, Ver.- Toman las Instalaciones de la Secretar\u00eda de Educaci\u00f3n de Veracruz (SEV), un grupo de j\u00f3venes para exigir plazas definitivas, ya que no quieren seguir cubriendo solo interinatos y son mas de mil los que se est\u00e1n viendo afectados. Entrevistada durante la manifestaci\u00f3n, Sandra Cristabel, dio a conocer que son un grupo [&hellip;]<\/p>\n","protected":false},"author":2476,"featured_media":63539,"comment_status":"open","ping_status":"open","sticky":false,"template":"","format":"standard","meta":{"_jetpack_memberships_contains_paid_content":false,"footnotes":""},"categories":[3],"tags":[],"class_list":["post-63537","post","type-post","status-publish","format-standard","has-post-thumbnail","hentry","category-xalapa"],"jetpack_featured_media_url":"https:\/\/encuentroinformativo.com.mx\/wp-content\/uploads\/2025\/02\/IMG-20250210-WA0046.jpg","jetpack_sharing_enabled":true,"jetpack_likes_enabled":true,"amp_enabled":true,"_links":{"self":[{"href":"https:\/\/encuentroinformativo.com.mx\/index.php?rest_route=\/wp\/v2\/posts\/63537","targetHints":{"allow":["GET"]}}],"collection":[{"href":"https:\/\/encuentroinformativo.com.mx\/index.php?rest_route=\/wp\/v2\/posts"}],"about":[{"href":"https:\/\/encuentroinformativo.com.mx\/index.php?rest_route=\/wp\/v2\/types\/post"}],"author":[{"embeddable":true,"href":"https:\/\/encuentroinformativo.com.mx\/index.php?rest_route=\/wp\/v2\/users\/2476"}],"replies":[{"embeddable":true,"href":"https:\/\/encuentroinformativo.com.mx\/index.php?rest_route=%2Fwp%2Fv2%2Fcomments&post=63537"}],"version-history":[{"count":1,"href":"https:\/\/encuentroinformativo.com.mx\/index.php?rest_route=\/wp\/v2\/posts\/63537\/revisions"}],"predecessor-version":[{"id":63541,"href":"https:\/\/encuentroinformativo.com.mx\/index.php?rest_route=\/wp\/v2\/posts\/63537\/revisions\/63541"}],"wp:featuredmedia":[{"embeddable":true,"href":"https:\/\/encuentroinformativo.com.mx\/index.php?rest_route=\/wp\/v2\/media\/63539"}],"wp:attachment":[{"href":"https:\/\/encuentroinformativo.com.mx\/index.php?rest_route=%2Fwp%2Fv2%2Fmedia&parent=63537"}],"wp:term":[{"taxonomy":"category","embeddable":true,"href":"https:\/\/encuentroinformativo.com.mx\/index.php?rest_route=%2Fwp%2Fv2%2Fcategories&post=63537"},{"taxonomy":"post_tag","embeddable":true,"href":"https:\/\/encuentroinformativo.com.mx\/index.php?rest_route=%2Fwp%2Fv2%2Ftags&post=63537"}],"curies":[{"name":"wp","href":"https:\/\/api.w.org\/{rel}","templated":true}]}}