{"id":63551,"date":"2025-02-10T16:39:45","date_gmt":"2025-02-10T22:39:45","guid":{"rendered":"https:\/\/encuentroinformativo.com.mx\/?p=63551"},"modified":"2025-02-10T16:39:45","modified_gmt":"2025-02-10T22:39:45","slug":"concluye-plazo-para-renovar-credencial-de-elector","status":"publish","type":"post","link":"https:\/\/encuentroinformativo.com.mx\/?p=63551","title":{"rendered":"Concluye plazo para renovar credencial de elector"},"content":{"rendered":"<p><strong style=\"font-size: 1rem;\">Dar\u00edo Pale<\/strong><\/p>\n<p>Xalapa, Ver.- El vocal del Registro Federal de Electores (RFE), Sergio Vera Olvera dio a conocer que en el mes de diciembre no acudieron a hacer el cambio de la credencial de elector 280 mil veracruzanos, y el 2 de junio se dar\u00e1 de baja su INE.<\/p>\n<p>En entrevista se\u00f1al\u00f3 que, los j\u00f3venes que cumplen 18 a\u00f1os pueden tramitar su INE hasta las 12 de la noche de este lunes, y tambi\u00e9n pueden acudir a los m\u00f3dulos quienes quieran hacer cambios de domicilio o que tengan alg\u00fan error con el pl\u00e1stico.<\/p>\n<p>Expuso que los m\u00f3dulos estar\u00e1n abiertos en todas las ciudades m\u00e1s grandes de Veracruz hasta la media noche y, si por alguna causa a esa hora todav\u00eda hay gente, les asignar\u00e1n una cita programada para poderlos atender el martes y el mi\u00e9rcoles.<\/p>\n<p>Vera Olvera puntualiz\u00f3 que despu\u00e9s de este lunes el \u00f3rgano electoral podr\u00e1 hacer reposiciones por extrav\u00edo o deterioro.<\/p>\n<p>Eso no modifica los datos del padr\u00f3n electoral, es decir, si perdieron o les robaron la credencial podr\u00e1n tramitarla hasta el 28 de febrero para solicitar un nuevo documento.<\/p>\n<p>&#8220;El d\u00eda de hoy tenemos una carga considerable, pero si van a hacer una reposici\u00f3n por robo o deterioro, no formen hoy, vayan a partir del d\u00eda lunes&#8221;, se\u00f1al\u00f3.<\/p>\n<p>Aclar\u00f3 que a todos aquellos que se les haga una reposici\u00f3n, les har\u00e1n un cambio de fotograf\u00eda y vigencia.<\/p>\n<p>Coment\u00f3 que despu\u00e9s del 28 de febrero tambi\u00e9n podr\u00e1n hacer la reimpresi\u00f3n de credenciales, pero ya no habr\u00e1 cambios en la fotograf\u00eda ni la vigencia.<\/p>\n<p>Expuso que si bien ven\u00edan trabajando a trav\u00e9s de citas programadas, para este d\u00eda ya pueden ir sin citas, ya que ser\u00e1n atendidos, en tanto que aquellos que ya hab\u00edan hecho cita, se les respetar\u00e1.<\/p>\n<p>Dio a conocer que en el mes de diciembre de 2024, alrededor de 280 mil personas no cambiaron su credencial despu\u00e9s de una vigencia de m\u00e1s de 10 a\u00f1os.<\/p>\n<p>Sin embargo, se les ampli\u00f3 la vigencia para que puedan votar el 1 de junio, el d\u00eda 2 ya ser\u00e1n dadas de baja.<\/p>\n<p>Finalmente record\u00f3 que en el proceso electoral pasado, casi cien mil credenciales fueron dadas de baja, ya que vencieron en 2023.<\/p>\n","protected":false},"excerpt":{"rendered":"<p>Dar\u00edo Pale Xalapa, Ver.- El vocal del Registro Federal de Electores (RFE), Sergio Vera Olvera dio a conocer que en el mes de diciembre no acudieron a hacer el cambio de la credencial de elector 280 mil veracruzanos, y el 2 de junio se dar\u00e1 de baja su INE. En entrevista se\u00f1al\u00f3 que, los j\u00f3venes [&hellip;]<\/p>\n","protected":false},"author":2476,"featured_media":63552,"comment_status":"open","ping_status":"open","sticky":false,"template":"","format":"standard","meta":{"_jetpack_memberships_contains_paid_content":false,"footnotes":""},"categories":[2],"tags":[],"class_list":["post-63551","post","type-post","status-publish","format-standard","has-post-thumbnail","hentry","category-estado"],"jetpack_featured_media_url":"https:\/\/encuentroinformativo.com.mx\/wp-content\/uploads\/2025\/02\/IMG-20250208-WA0194.jpg","jetpack_sharing_enabled":true,"jetpack_likes_enabled":true,"amp_enabled":true,"_links":{"self":[{"href":"https:\/\/encuentroinformativo.com.mx\/index.php?rest_route=\/wp\/v2\/posts\/63551","targetHints":{"allow":["GET"]}}],"collection":[{"href":"https:\/\/encuentroinformativo.com.mx\/index.php?rest_route=\/wp\/v2\/posts"}],"about":[{"href":"https:\/\/encuentroinformativo.com.mx\/index.php?rest_route=\/wp\/v2\/types\/post"}],"author":[{"embeddable":true,"href":"https:\/\/encuentroinformativo.com.mx\/index.php?rest_route=\/wp\/v2\/users\/2476"}],"replies":[{"embeddable":true,"href":"https:\/\/encuentroinformativo.com.mx\/index.php?rest_route=%2Fwp%2Fv2%2Fcomments&post=63551"}],"version-history":[{"count":1,"href":"https:\/\/encuentroinformativo.com.mx\/index.php?rest_route=\/wp\/v2\/posts\/63551\/revisions"}],"predecessor-version":[{"id":63553,"href":"https:\/\/encuentroinformativo.com.mx\/index.php?rest_route=\/wp\/v2\/posts\/63551\/revisions\/63553"}],"wp:featuredmedia":[{"embeddable":true,"href":"https:\/\/encuentroinformativo.com.mx\/index.php?rest_route=\/wp\/v2\/media\/63552"}],"wp:attachment":[{"href":"https:\/\/encuentroinformativo.com.mx\/index.php?rest_route=%2Fwp%2Fv2%2Fmedia&parent=63551"}],"wp:term":[{"taxonomy":"category","embeddable":true,"href":"https:\/\/encuentroinformativo.com.mx\/index.php?rest_route=%2Fwp%2Fv2%2Fcategories&post=63551"},{"taxonomy":"post_tag","embeddable":true,"href":"https:\/\/encuentroinformativo.com.mx\/index.php?rest_route=%2Fwp%2Fv2%2Ftags&post=63551"}],"curies":[{"name":"wp","href":"https:\/\/api.w.org\/{rel}","templated":true}]}}