{"id":63598,"date":"2025-02-11T19:30:00","date_gmt":"2025-02-12T01:30:00","guid":{"rendered":"https:\/\/encuentroinformativo.com.mx\/?p=63598"},"modified":"2025-02-11T19:30:00","modified_gmt":"2025-02-12T01:30:00","slug":"anuncia-alcalde-jm-unanue-la-rehabilitacion-de-plaza-banderas-en-la-cabecera-municipal","status":"publish","type":"post","link":"https:\/\/encuentroinformativo.com.mx\/?p=63598","title":{"rendered":"Anuncia Alcalde JM Un\u00e1nue la rehabilitaci\u00f3n de Plaza Banderas en la cabecera municipal"},"content":{"rendered":"<p><strong style=\"font-size: 1rem;\">* Contar\u00e1 con juegos infantiles, mobiliario urbano, alumbrado y renovaci\u00f3n de \u00e1reas verdes para el disfrute de boque\u00f1os y turistas.<\/strong><\/p>\n<p>Boca del R\u00edo, Ver.- El alcalde de Boca del R\u00edo, Juan Manuel Un\u00e1nue Abascal, recorri\u00f3 y anunci\u00f3 la rehabilitaci\u00f3n integral de la tradicional Plaza Banderas de la cabecera municipal.<\/p>\n<p>\u201cVamos a rehabilitar la Plaza Banderas en Cabecera Municipal, con nuevos juegos infantiles, mobiliario urbano, pintura, alumbrado nuevo y una renovaci\u00f3n total de sus \u00e1reas verdes; para que todas las familias puedan disfrutar de un espacio mejor, seguro y accesible\u201d, destac\u00f3 el edil.<\/p>\n<p>La obra incluir\u00e1 el cambio de pintura de toda la plaza, se instalar\u00e1n juegos infantiles de gran tama\u00f1o, se rehabilitar\u00e1 todo el mobiliario urbano, se instalar\u00e1 alumbrado nuevo, adem\u00e1s se atender\u00e1n las \u00e1reas verdes, y por \u00faltimo, se colocar\u00e1 una estatua alusiva al ni\u00f1o pescador.<\/p>\n<p>Con ello, el gobierno boque\u00f1o sigue impulsando la creaci\u00f3n de espacios p\u00fablicos suficientes y de calidad que fomenten la expresi\u00f3n, inclusi\u00f3n y convivencia arm\u00f3nica de la poblaci\u00f3n.<\/p>\n<p>Adem\u00e1s, se busca la accesibilidad universal para ni\u00f1os, j\u00f3venes, mujeres, adultos y adultos mayores, con el fin de generar bienestar, identidad y seguridad para todos.<\/p>\n<p>Un\u00e1nue Abascal coment\u00f3 que con la conclusi\u00f3n de los trabajos de retiro de la estructura del buque Guanajuato, se da paso a esta importante rehabilitaci\u00f3n de Plaza Banderas.<\/p>\n<p>Finalmente, el Presidente Municipal enfatiz\u00f3 que se trata de un lugar muy especial de Boca del R\u00edo y la cabecera municipal, por lo que la obra estar\u00e1 finalizada en aproximadamente tres meses, permitiendo el retorno de m\u00e1s ciudadanos, turismo e impulsando una mayor actividad econ\u00f3mica local.<\/p>\n<p><strong>OBRAS EN ACCI\u00d3N<\/strong><\/p>\n<p>Por otra parte, el Ayuntamiento de Boca del R\u00edo realiza la rehabilitaci\u00f3n de la calle Jos\u00e9 Gonz\u00e1lez Herrera, en la que se est\u00e1 realizando la pavimentaci\u00f3n con concreto hidr\u00e1ulico en la colonia Primero de Mayo Sur.<\/p>\n<p>Detalles de la obra: m\u00e1s de 6 mil personas beneficiadas, rehabilitaci\u00f3n de 400 metros lineales de guarnici\u00f3n y 860 metros lineales de se\u00f1alizaci\u00f3n con pintura especial.<\/p>\n<p>Con estas acciones, Boca del R\u00edo sigue avanzando en la mejora de sus vialidades, ofreciendo mayor seguridad y comodidad a los habitantes.<\/p>\n","protected":false},"excerpt":{"rendered":"<p>* Contar\u00e1 con juegos infantiles, mobiliario urbano, alumbrado y renovaci\u00f3n de \u00e1reas verdes para el disfrute de boque\u00f1os y turistas. Boca del R\u00edo, Ver.- El alcalde de Boca del R\u00edo, Juan Manuel Un\u00e1nue Abascal, recorri\u00f3 y anunci\u00f3 la rehabilitaci\u00f3n integral de la tradicional Plaza Banderas de la cabecera municipal. \u201cVamos a rehabilitar la Plaza Banderas [&hellip;]<\/p>\n","protected":false},"author":2476,"featured_media":63599,"comment_status":"open","ping_status":"open","sticky":false,"template":"","format":"standard","meta":{"_jetpack_memberships_contains_paid_content":false,"footnotes":""},"categories":[2],"tags":[],"class_list":["post-63598","post","type-post","status-publish","format-standard","has-post-thumbnail","hentry","category-estado"],"jetpack_featured_media_url":"https:\/\/encuentroinformativo.com.mx\/wp-content\/uploads\/2025\/02\/IMG-20250211-WA0340.jpg","jetpack_sharing_enabled":true,"jetpack_likes_enabled":true,"amp_enabled":true,"_links":{"self":[{"href":"https:\/\/encuentroinformativo.com.mx\/index.php?rest_route=\/wp\/v2\/posts\/63598","targetHints":{"allow":["GET"]}}],"collection":[{"href":"https:\/\/encuentroinformativo.com.mx\/index.php?rest_route=\/wp\/v2\/posts"}],"about":[{"href":"https:\/\/encuentroinformativo.com.mx\/index.php?rest_route=\/wp\/v2\/types\/post"}],"author":[{"embeddable":true,"href":"https:\/\/encuentroinformativo.com.mx\/index.php?rest_route=\/wp\/v2\/users\/2476"}],"replies":[{"embeddable":true,"href":"https:\/\/encuentroinformativo.com.mx\/index.php?rest_route=%2Fwp%2Fv2%2Fcomments&post=63598"}],"version-history":[{"count":2,"href":"https:\/\/encuentroinformativo.com.mx\/index.php?rest_route=\/wp\/v2\/posts\/63598\/revisions"}],"predecessor-version":[{"id":63601,"href":"https:\/\/encuentroinformativo.com.mx\/index.php?rest_route=\/wp\/v2\/posts\/63598\/revisions\/63601"}],"wp:featuredmedia":[{"embeddable":true,"href":"https:\/\/encuentroinformativo.com.mx\/index.php?rest_route=\/wp\/v2\/media\/63599"}],"wp:attachment":[{"href":"https:\/\/encuentroinformativo.com.mx\/index.php?rest_route=%2Fwp%2Fv2%2Fmedia&parent=63598"}],"wp:term":[{"taxonomy":"category","embeddable":true,"href":"https:\/\/encuentroinformativo.com.mx\/index.php?rest_route=%2Fwp%2Fv2%2Fcategories&post=63598"},{"taxonomy":"post_tag","embeddable":true,"href":"https:\/\/encuentroinformativo.com.mx\/index.php?rest_route=%2Fwp%2Fv2%2Ftags&post=63598"}],"curies":[{"name":"wp","href":"https:\/\/api.w.org\/{rel}","templated":true}]}}