{"id":63603,"date":"2025-02-12T09:30:52","date_gmt":"2025-02-12T15:30:52","guid":{"rendered":"https:\/\/encuentroinformativo.com.mx\/?p=63603"},"modified":"2025-02-12T09:30:52","modified_gmt":"2025-02-12T15:30:52","slug":"dirigentes-en-el-25","status":"publish","type":"post","link":"https:\/\/encuentroinformativo.com.mx\/?p=63603","title":{"rendered":"DIRIGENTES EN EL 25"},"content":{"rendered":"<p dir=\"ltr\"><strong>Los Pol\u00edticos<\/strong><\/p>\n<p dir=\"ltr\"><strong>Salvador Mu\u00f1oz<\/strong><\/p>\n<p><span style=\"font-size: 1rem;\">All\u00e1 en septiembre de 2023, Esteban Ram\u00edrez Zepeta, dirigente estatal de Morena, subi\u00f3 un video donde hizo entrega de dos \u201creconocimientos\u201d (l\u00e9ase con toda la sorna y la sarna posible el entrecomillado) a los dirigentes nacional y estatal del PAN, Marko Cort\u00e9s y Federico Salom\u00f3n Molina, por haber ayudado, gracias a su incompetencia, a la Cuarta Transformaci\u00f3n. En dicho video, remat\u00f3 diciendo que esperaba que estos dos panistas continuaran al frente del PAN \u201cpara que sigan perdiendo\u201d&#8230;<\/span><\/p>\n<p dir=\"ltr\">En ese video, cuando Ram\u00edrez Zepeta se refiere a Federico Salom\u00f3n, agrega \u201ca quien de verdad, no ubico\u2026\u201d<\/p>\n<p dir=\"ltr\">Detr\u00e1s de esa frase hay una an\u00e9cdota:<\/p>\n<p dir=\"ltr\">Cuentan en Morena, que cuando Esteban Ram\u00edrez Zepeta revisaba el script del video y lee el nombre de Federico Salom\u00f3n Molina, se detiene y pregunta al staff y colaboradores que qui\u00e9n era dicha persona. La primera reacci\u00f3n fue de incredulidad por su entorno; luego, pasaron a que quiz\u00e1s era una broma del dirigente moreno, pero cuando vieron que hablaba en serio, se alegraron\u2026 esa misma reacci\u00f3n, pidieron que la llevara a la hora de grabar el video.<\/p>\n<p dir=\"ltr\">S\u00ed, el hecho de que no identificara Ram\u00edrez Zepeta al dirigente pitufo, no es algo que deba preocupar a\u00a0 Morena, sino al mismo PAN, porque parece que lo que le ocurri\u00f3 al dirigente guinda, es s\u00f3lo un reflejo de lo que vive el PAN al interior: No s\u00f3lo no hay dirigencia\u2026 tampoco hay liderazgo\u2026<\/p>\n<p dir=\"ltr\">Las pr\u00f3ximas elecciones han de poner en su lugar a los seis dirigentes de partidos que competir\u00e1n por las 212 presidencias municipales\u2026 bueno, quiz\u00e1s no a los seis, pero s\u00ed a tres y medio\u2026<\/p>\n<p dir=\"ltr\">Morena tiene todo a favor; trae una inercia muy canija que se pudiera decir que Ram\u00edrez Zepeta va de bajadita, sin necesidad de tomar impulso, pero no por ello, confiarse.<\/p>\n<p dir=\"ltr\">En el caso del PVEM, Edgar Herrera Lendechy tiene que dejarse arrastrar por esa inercia morena\u2026 si bien, su estrategia electoral no debe concentrarse en los casi 40 municipios que han de tocarle, sino en la alianza, en aras de que el elector cruce m\u00e1s su logo que el de su aliado en la boleta\u2026<\/p>\n<p dir=\"ltr\">En el caso del PT, sin el cobijo del partidazo, tendr\u00e1 una prueba interesante y m\u00e1s cuando los mismos aspirantes petistas ya no ven condiciones como para ganar por s\u00ed solos.<\/p>\n<p dir=\"ltr\">Del PAN, esa an\u00e9cdota de Ram\u00edrez Zepeta con el nombre de Federico Salom\u00f3n, puede decir mucho de lo que le espera a los azules donde pocos panistas intentan evitar el naufragio de Acci\u00f3n Nacional.<\/p>\n<p dir=\"ltr\">Para el PRI, su primera prueba ser\u00e1 reunir 212 personas que quieran competir por sus siglas y junto con ello, las planillas\u2026 si logra eso, ya es ganancia!<\/p>\n<p dir=\"ltr\">En Movimiento Ciudadano, su dirigente, Luis Carbonell de la Hoz, es en la Oposici\u00f3n el \u00fanico que tiene opciones de crecer, a tal grado, que pudiera llevar al Naranja como segunda fuerza electoral. Adem\u00e1s, junto con Edgar Herrera, ser\u00e1n los dirigentes que vivan su primera elecci\u00f3n. Ambos, en distinta circunstancia: El PVEM, bajo la sombra de Morena; MC, como una opci\u00f3n contra el Gobierno y contra los que ya fueron.<\/p>\n<p dir=\"ltr\">En resumen, a ojo de buen cubero, las condiciones est\u00e1n dadas para que Morena junto con Ram\u00edrez Zepeta, se confirme como primera fuerza electoral en Veracruz y para que bajo la direcci\u00f3n de Luis Carbonell, Movimiento Ciudadano, llegue a la segunda.<\/p>\n","protected":false},"excerpt":{"rendered":"<p>Los Pol\u00edticos Salvador Mu\u00f1oz All\u00e1 en septiembre de 2023, Esteban Ram\u00edrez Zepeta, dirigente estatal de Morena, subi\u00f3 un video donde hizo entrega de dos \u201creconocimientos\u201d (l\u00e9ase con toda la sorna y la sarna posible el entrecomillado) a los dirigentes nacional y estatal del PAN, Marko Cort\u00e9s y Federico Salom\u00f3n Molina, por haber ayudado, gracias a [&hellip;]<\/p>\n","protected":false},"author":2476,"featured_media":387,"comment_status":"open","ping_status":"open","sticky":false,"template":"","format":"standard","meta":{"_jetpack_memberships_contains_paid_content":false,"footnotes":""},"categories":[2],"tags":[],"class_list":["post-63603","post","type-post","status-publish","format-standard","has-post-thumbnail","hentry","category-estado"],"jetpack_featured_media_url":"https:\/\/encuentroinformativo.com.mx\/wp-content\/uploads\/2020\/03\/7CF8A22B-2764-47BE-8F7F-38FE9E5D6A2F.jpeg","jetpack_sharing_enabled":true,"jetpack_likes_enabled":true,"amp_enabled":true,"_links":{"self":[{"href":"https:\/\/encuentroinformativo.com.mx\/index.php?rest_route=\/wp\/v2\/posts\/63603","targetHints":{"allow":["GET"]}}],"collection":[{"href":"https:\/\/encuentroinformativo.com.mx\/index.php?rest_route=\/wp\/v2\/posts"}],"about":[{"href":"https:\/\/encuentroinformativo.com.mx\/index.php?rest_route=\/wp\/v2\/types\/post"}],"author":[{"embeddable":true,"href":"https:\/\/encuentroinformativo.com.mx\/index.php?rest_route=\/wp\/v2\/users\/2476"}],"replies":[{"embeddable":true,"href":"https:\/\/encuentroinformativo.com.mx\/index.php?rest_route=%2Fwp%2Fv2%2Fcomments&post=63603"}],"version-history":[{"count":1,"href":"https:\/\/encuentroinformativo.com.mx\/index.php?rest_route=\/wp\/v2\/posts\/63603\/revisions"}],"predecessor-version":[{"id":63604,"href":"https:\/\/encuentroinformativo.com.mx\/index.php?rest_route=\/wp\/v2\/posts\/63603\/revisions\/63604"}],"wp:featuredmedia":[{"embeddable":true,"href":"https:\/\/encuentroinformativo.com.mx\/index.php?rest_route=\/wp\/v2\/media\/387"}],"wp:attachment":[{"href":"https:\/\/encuentroinformativo.com.mx\/index.php?rest_route=%2Fwp%2Fv2%2Fmedia&parent=63603"}],"wp:term":[{"taxonomy":"category","embeddable":true,"href":"https:\/\/encuentroinformativo.com.mx\/index.php?rest_route=%2Fwp%2Fv2%2Fcategories&post=63603"},{"taxonomy":"post_tag","embeddable":true,"href":"https:\/\/encuentroinformativo.com.mx\/index.php?rest_route=%2Fwp%2Fv2%2Ftags&post=63603"}],"curies":[{"name":"wp","href":"https:\/\/api.w.org\/{rel}","templated":true}]}}