{"id":63617,"date":"2025-02-12T13:53:57","date_gmt":"2025-02-12T19:53:57","guid":{"rendered":"https:\/\/encuentroinformativo.com.mx\/?p=63617"},"modified":"2025-02-12T13:53:57","modified_gmt":"2025-02-12T19:53:57","slug":"gobierno-del-estado-repavimentara-la-miguel-aleman-alcaldesa","status":"publish","type":"post","link":"https:\/\/encuentroinformativo.com.mx\/?p=63617","title":{"rendered":"Gobierno del Estado repavimentar\u00e1 la Miguel Alem\u00e1n: Alcaldesa"},"content":{"rendered":"<p><strong style=\"font-size: 1rem;\">Alejandro \u00c1vila<\/strong><\/p>\n<p>Veracruz, Ver.- La alcaldesa de Veracruz, Patricia Lobeira Rodr\u00edguez, confirm\u00f3 que ser\u00e1 el Gobierno del Estado quien rehabilitar\u00e1 la carpeta asf\u00e1ltica de la avenida Miguel Alem\u00e1n.<\/p>\n<p>La presidenta municipal confirm\u00f3 que desde el pasado lunes 10 de febrero se iniciaron con los trabajos a trav\u00e9s de la Secretar\u00eda de Infraestructura y Obra P\u00fablica (SIOP), para lo cual el Ayuntamiento de Veracruz dispuso de todas las facilidades para que sus labores concluyan en tiempo y forma.<\/p>\n<p>&#8220;S\u00ed, de hecho empezaron el lunes con la pavimentaci\u00f3n de Miguel Alem\u00e1n, con la repavimentaci\u00f3n de Miguel Alem\u00e1n, nosotros hemos estado ah\u00ed coadyuvando con Gobierno del Estado, con Tr\u00e1nsito, para que todo salga en orden. Nosotros estamos muy contentos porque fue una de las primeras peticiones que hicimos, y vimos una excelente respuesta por parte del Gobierno del Estado en cuanto a esta gesti\u00f3n&#8221;, expres\u00f3.<\/p>\n<p>La avenida Miguel Alem\u00e1n estar\u00e1 cerrada hasta el pr\u00f3ximo 29 de abril en su tramo del distribuidor vial de Cabeza Olmeca hasta Soriana Floresta; ruta que ser\u00e1 rehabilitada por el Gobierno del Estado y donde se aprovechar\u00e1 para mejorar el colector pluvial de la zona.<\/p>\n<p>Finalmente y en otro tema, Paty Lobeira, mencion\u00f3 que la pr\u00f3xima semana podr\u00eda dar a conocer el nombre del nuevo presidente del Comit\u00e9 de Carnaval, el cual suceder\u00e1 al finado Luis Antonio &#8220;Pollo&#8221; P\u00e9rez Fraga.<\/p>\n<p>&#8220;Ya muy pronto, yo creo que ya la semana que viene podemos estar dando el nombre del nuevo presidente del Comit\u00e9 de Carnaval, tambi\u00e9n ya estamos trabajando nosotros en el Carnaval, ya nos quedan pocos meses, el tema ya lo tenemos nosotros listo, ya estamos viendo el dise\u00f1o de los carros, el dise\u00f1o de los vestuarios, los artistas que van a venir, ya empezamos con Carnaval&#8221;, culmin\u00f3.<\/p>\n","protected":false},"excerpt":{"rendered":"<p>Alejandro \u00c1vila Veracruz, Ver.- La alcaldesa de Veracruz, Patricia Lobeira Rodr\u00edguez, confirm\u00f3 que ser\u00e1 el Gobierno del Estado quien rehabilitar\u00e1 la carpeta asf\u00e1ltica de la avenida Miguel Alem\u00e1n. La presidenta municipal confirm\u00f3 que desde el pasado lunes 10 de febrero se iniciaron con los trabajos a trav\u00e9s de la Secretar\u00eda de Infraestructura y Obra P\u00fablica [&hellip;]<\/p>\n","protected":false},"author":2476,"featured_media":63618,"comment_status":"open","ping_status":"open","sticky":false,"template":"","format":"standard","meta":{"_jetpack_memberships_contains_paid_content":false,"footnotes":""},"categories":[2],"tags":[],"class_list":["post-63617","post","type-post","status-publish","format-standard","has-post-thumbnail","hentry","category-estado"],"jetpack_featured_media_url":"https:\/\/encuentroinformativo.com.mx\/wp-content\/uploads\/2025\/02\/IMG-20250212-WA00952.jpg","jetpack_sharing_enabled":true,"jetpack_likes_enabled":true,"amp_enabled":true,"_links":{"self":[{"href":"https:\/\/encuentroinformativo.com.mx\/index.php?rest_route=\/wp\/v2\/posts\/63617","targetHints":{"allow":["GET"]}}],"collection":[{"href":"https:\/\/encuentroinformativo.com.mx\/index.php?rest_route=\/wp\/v2\/posts"}],"about":[{"href":"https:\/\/encuentroinformativo.com.mx\/index.php?rest_route=\/wp\/v2\/types\/post"}],"author":[{"embeddable":true,"href":"https:\/\/encuentroinformativo.com.mx\/index.php?rest_route=\/wp\/v2\/users\/2476"}],"replies":[{"embeddable":true,"href":"https:\/\/encuentroinformativo.com.mx\/index.php?rest_route=%2Fwp%2Fv2%2Fcomments&post=63617"}],"version-history":[{"count":1,"href":"https:\/\/encuentroinformativo.com.mx\/index.php?rest_route=\/wp\/v2\/posts\/63617\/revisions"}],"predecessor-version":[{"id":63619,"href":"https:\/\/encuentroinformativo.com.mx\/index.php?rest_route=\/wp\/v2\/posts\/63617\/revisions\/63619"}],"wp:featuredmedia":[{"embeddable":true,"href":"https:\/\/encuentroinformativo.com.mx\/index.php?rest_route=\/wp\/v2\/media\/63618"}],"wp:attachment":[{"href":"https:\/\/encuentroinformativo.com.mx\/index.php?rest_route=%2Fwp%2Fv2%2Fmedia&parent=63617"}],"wp:term":[{"taxonomy":"category","embeddable":true,"href":"https:\/\/encuentroinformativo.com.mx\/index.php?rest_route=%2Fwp%2Fv2%2Fcategories&post=63617"},{"taxonomy":"post_tag","embeddable":true,"href":"https:\/\/encuentroinformativo.com.mx\/index.php?rest_route=%2Fwp%2Fv2%2Ftags&post=63617"}],"curies":[{"name":"wp","href":"https:\/\/api.w.org\/{rel}","templated":true}]}}