{"id":63628,"date":"2025-02-12T15:48:24","date_gmt":"2025-02-12T21:48:24","guid":{"rendered":"https:\/\/encuentroinformativo.com.mx\/?p=63628"},"modified":"2025-02-12T15:48:24","modified_gmt":"2025-02-12T21:48:24","slug":"falta-de-anestesia-por-desabasto-de-imss-bienestar-gobernadora","status":"publish","type":"post","link":"https:\/\/encuentroinformativo.com.mx\/?p=63628","title":{"rendered":"Falta de anestesia por desabasto de IMSS Bienestar: Gobernadora"},"content":{"rendered":"<p><strong style=\"font-size: 1rem;\">Dar\u00edo Pale<\/strong><\/p>\n<p>Xalapa, Ver.- La falta de anestesia para el Hospital Regional &#8220;Dr. Luis F. Nach\u00f3n&#8221;, fue por desabasto del IMSS Bienestar, reconoci\u00f3 que efectivamente se quedaron sin algunos insumos, as\u00ed lo inform\u00f3 la gobernadora Roc\u00edo Nahle Garc\u00eda.<\/p>\n<p>En conferencia de prensa, luego de que se difundiera un oficio en donde se da a conocer que fueron suspendidas todas las cirug\u00edas en el hospital de esta capital, explic\u00f3 que el desabasto ocurri\u00f3 por culpa del IMSS Bienestar.<\/p>\n<p>Adelant\u00f3 que este jueves tendr\u00e1 una reuni\u00f3n con el titular del IMSS Bienestar, Alejandro Svarch, quien estar\u00e1 en Veracruz para revisar el programa federal.<\/p>\n<p>&#8220;Yo no ten\u00eda este reporte (de desabasto de insumos en el Nach\u00f3n), inmediatamente me comuniqu\u00e9 con el doctor Valent\u00edn, ayer me manda el reporte&#8230; sobre lo que sali\u00f3 de que se suspenden las cirug\u00edas programadas del Hospital Nach\u00f3n de Xalapa por falta de anestesia, me comenta \u00e9l anoche: se present\u00f3 un problema en la ma\u00f1ana porque no llegaron los f\u00e1rmacos que entrega el IMSS Bienestar&#8221;, expuso.<\/p>\n<p>Por lo que la Secretar\u00eda de Salud entreg\u00f3 el apoyo a los hospitales que presentaban alguna situaci\u00f3n similar para solucionar el problema, ya que la comunicaci\u00f3n del Secretario con la gobernadora ocurri\u00f3 a las 10:38 de la noche.<\/p>\n<p>En otro orden de ideas, Nahle Garc\u00eda defini\u00f3 que las licencias permanentes para personas mayores de 50 a\u00f1os ser\u00e1n para todos los tipos A, B, C y D., ya que existen en el Estado alrededor de 2 millones 300 mil personas que son mayores de 50 a\u00f1os de edad, pero no todas conducen o tramitan las licencias de conducir.<\/p>\n<p>Descart\u00f3 que la medida pueda impactar las finanzas del Estado, ya que hicieron un estudio previamente, por lo que consider\u00f3 que si llevan a cabo una buena administraci\u00f3n estatal y logran una buena recaudaci\u00f3n, no les afectar\u00e1.<\/p>\n<p>Finalmente dio a conocer que, &#8220;si se direcciona bien el gasto, pr\u00e1cticamente ah\u00ed se ajusta el impacto presupuestal&#8221;.<\/p>\n","protected":false},"excerpt":{"rendered":"<p>Dar\u00edo Pale Xalapa, Ver.- La falta de anestesia para el Hospital Regional &#8220;Dr. Luis F. Nach\u00f3n&#8221;, fue por desabasto del IMSS Bienestar, reconoci\u00f3 que efectivamente se quedaron sin algunos insumos, as\u00ed lo inform\u00f3 la gobernadora Roc\u00edo Nahle Garc\u00eda. En conferencia de prensa, luego de que se difundiera un oficio en donde se da a conocer [&hellip;]<\/p>\n","protected":false},"author":2476,"featured_media":63629,"comment_status":"open","ping_status":"open","sticky":false,"template":"","format":"standard","meta":{"_jetpack_memberships_contains_paid_content":false,"footnotes":""},"categories":[9],"tags":[],"class_list":["post-63628","post","type-post","status-publish","format-standard","has-post-thumbnail","hentry","category-salud"],"jetpack_featured_media_url":"https:\/\/encuentroinformativo.com.mx\/wp-content\/uploads\/2025\/02\/IMG-20250212-WA01152.jpg","jetpack_sharing_enabled":true,"jetpack_likes_enabled":true,"amp_enabled":true,"_links":{"self":[{"href":"https:\/\/encuentroinformativo.com.mx\/index.php?rest_route=\/wp\/v2\/posts\/63628","targetHints":{"allow":["GET"]}}],"collection":[{"href":"https:\/\/encuentroinformativo.com.mx\/index.php?rest_route=\/wp\/v2\/posts"}],"about":[{"href":"https:\/\/encuentroinformativo.com.mx\/index.php?rest_route=\/wp\/v2\/types\/post"}],"author":[{"embeddable":true,"href":"https:\/\/encuentroinformativo.com.mx\/index.php?rest_route=\/wp\/v2\/users\/2476"}],"replies":[{"embeddable":true,"href":"https:\/\/encuentroinformativo.com.mx\/index.php?rest_route=%2Fwp%2Fv2%2Fcomments&post=63628"}],"version-history":[{"count":1,"href":"https:\/\/encuentroinformativo.com.mx\/index.php?rest_route=\/wp\/v2\/posts\/63628\/revisions"}],"predecessor-version":[{"id":63630,"href":"https:\/\/encuentroinformativo.com.mx\/index.php?rest_route=\/wp\/v2\/posts\/63628\/revisions\/63630"}],"wp:featuredmedia":[{"embeddable":true,"href":"https:\/\/encuentroinformativo.com.mx\/index.php?rest_route=\/wp\/v2\/media\/63629"}],"wp:attachment":[{"href":"https:\/\/encuentroinformativo.com.mx\/index.php?rest_route=%2Fwp%2Fv2%2Fmedia&parent=63628"}],"wp:term":[{"taxonomy":"category","embeddable":true,"href":"https:\/\/encuentroinformativo.com.mx\/index.php?rest_route=%2Fwp%2Fv2%2Fcategories&post=63628"},{"taxonomy":"post_tag","embeddable":true,"href":"https:\/\/encuentroinformativo.com.mx\/index.php?rest_route=%2Fwp%2Fv2%2Ftags&post=63628"}],"curies":[{"name":"wp","href":"https:\/\/api.w.org\/{rel}","templated":true}]}}