{"id":6363,"date":"2020-09-30T13:53:47","date_gmt":"2020-09-30T18:53:47","guid":{"rendered":"https:\/\/encuentroinformativo.com.mx\/?p=6363"},"modified":"2020-09-30T13:53:50","modified_gmt":"2020-09-30T18:53:50","slug":"chiconquiaco-mas-afectado-por-frente-frio-proteccion-civil","status":"publish","type":"post","link":"https:\/\/encuentroinformativo.com.mx\/?p=6363","title":{"rendered":"Chiconquiaco m\u00e1s afectado por frente fr\u00edo: Protecci\u00f3n Civil"},"content":{"rendered":"\n<p><strong>Dar\u00edo Pale <\/strong><\/p>\n\n\n\n<p>Xalapa, Ver.- La titular de la Secretar\u00eda de Protecci\u00f3n Civil de Veracruz, Guadalupe Osorno Maldonado dio a conocer que el municipio de Chiconquiaco es hasta ahora el \u00a0m\u00e1s afectado por los efectos del Frente Fr\u00edo N\u00famero 4 en su paso por el estado de Veracruz.<\/p>\n\n\n\n<p>Entrevistada en las calles del centro de Xalapa, inform\u00f3 que el paso del Frente Fr\u00edo n\u00famero 4 por la entidad veracruzana provoc\u00f3 da\u00f1os en 17 municipios afectando a 100 viviendas y a 338 familias, adem\u00e1s de que \u00a0dej\u00f3 como saldo siete comunidades incomunicadas, 11 derrumbes, un hundimiento y 28 \u00e1rboles ca\u00eddos.<\/p>\n\n\n\n<p>Detall\u00f3 que hay 48 viviendas anegadas y a\u00fan se analizan posibles afectaciones en la infraestructura carretera en este municipio ubicado en la zona serrana del centro de la entidad.<\/p>\n\n\n\n<p>En la zona norte donde tambi\u00e9n se registraron las principales afectaciones, fue en la localidad El Raudal, entre \u00a0Mart\u00ednez de la Torre y Nautla donde hubo casas con anegamientos, adem\u00e1s de ca\u00edda de \u00e1rboles.<\/p>\n\n\n\n<p>Respecto a lesionados, s\u00f3lo se report\u00f3 un motociclista en Papantla, en \u00a0Coatzacoalcos y Tonal\u00e1, en la zona sur del Estado, se desplegaron 5 equipos.<\/p>\n","protected":false},"excerpt":{"rendered":"<p>Dar\u00edo Pale Xalapa, Ver.- La titular de la Secretar\u00eda de Protecci\u00f3n Civil de Veracruz, Guadalupe Osorno Maldonado dio a conocer que el municipio de Chiconquiaco es hasta ahora el \u00a0m\u00e1s afectado por los efectos del Frente Fr\u00edo N\u00famero 4 en su paso por el estado de Veracruz. Entrevistada en las calles del centro de Xalapa, [&hellip;]<\/p>\n","protected":false},"author":1,"featured_media":6364,"comment_status":"open","ping_status":"open","sticky":false,"template":"","format":"standard","meta":{"_jetpack_memberships_contains_paid_content":false,"footnotes":""},"categories":[2],"tags":[],"class_list":["post-6363","post","type-post","status-publish","format-standard","has-post-thumbnail","hentry","category-estado"],"jetpack_featured_media_url":"https:\/\/encuentroinformativo.com.mx\/wp-content\/uploads\/2020\/09\/61D07FE3-75A1-4EC2-9807-81905D48378F.jpeg","jetpack_sharing_enabled":true,"jetpack_likes_enabled":true,"amp_enabled":true,"_links":{"self":[{"href":"https:\/\/encuentroinformativo.com.mx\/index.php?rest_route=\/wp\/v2\/posts\/6363","targetHints":{"allow":["GET"]}}],"collection":[{"href":"https:\/\/encuentroinformativo.com.mx\/index.php?rest_route=\/wp\/v2\/posts"}],"about":[{"href":"https:\/\/encuentroinformativo.com.mx\/index.php?rest_route=\/wp\/v2\/types\/post"}],"author":[{"embeddable":true,"href":"https:\/\/encuentroinformativo.com.mx\/index.php?rest_route=\/wp\/v2\/users\/1"}],"replies":[{"embeddable":true,"href":"https:\/\/encuentroinformativo.com.mx\/index.php?rest_route=%2Fwp%2Fv2%2Fcomments&post=6363"}],"version-history":[{"count":1,"href":"https:\/\/encuentroinformativo.com.mx\/index.php?rest_route=\/wp\/v2\/posts\/6363\/revisions"}],"predecessor-version":[{"id":6365,"href":"https:\/\/encuentroinformativo.com.mx\/index.php?rest_route=\/wp\/v2\/posts\/6363\/revisions\/6365"}],"wp:featuredmedia":[{"embeddable":true,"href":"https:\/\/encuentroinformativo.com.mx\/index.php?rest_route=\/wp\/v2\/media\/6364"}],"wp:attachment":[{"href":"https:\/\/encuentroinformativo.com.mx\/index.php?rest_route=%2Fwp%2Fv2%2Fmedia&parent=6363"}],"wp:term":[{"taxonomy":"category","embeddable":true,"href":"https:\/\/encuentroinformativo.com.mx\/index.php?rest_route=%2Fwp%2Fv2%2Fcategories&post=6363"},{"taxonomy":"post_tag","embeddable":true,"href":"https:\/\/encuentroinformativo.com.mx\/index.php?rest_route=%2Fwp%2Fv2%2Ftags&post=6363"}],"curies":[{"name":"wp","href":"https:\/\/api.w.org\/{rel}","templated":true}]}}