{"id":63644,"date":"2025-02-13T10:58:00","date_gmt":"2025-02-13T16:58:00","guid":{"rendered":"https:\/\/encuentroinformativo.com.mx\/?p=63644"},"modified":"2025-02-13T10:58:00","modified_gmt":"2025-02-13T16:58:00","slug":"piden-apoyo-para-localizar-a-familiares-desaparecidos","status":"publish","type":"post","link":"https:\/\/encuentroinformativo.com.mx\/?p=63644","title":{"rendered":"Piden apoyo para localizar a familiares desaparecidos"},"content":{"rendered":"<p><strong style=\"font-size: 1rem;\">Dario Pale<\/strong><\/p>\n<p>Xalapa, Ver.- La se\u00f1ora Trinidad Becerra Tiburcio pidi\u00f3 a la Gobernadora Roc\u00edo Nahle, su intervenci\u00f3n para que sus familiares Alba M\u00f3nica Ram\u00edrez Becerra y Bibiano Toledo Castro quienes se encuentran desaparecidos, sean localizados con vida y la UECS no recibi\u00f3 el expediente.<\/p>\n<p>Entrevistada, se\u00f1al\u00f3 que tanto como su hija y su yerno se encuentran muy enfermos y aunque ya realiz\u00f3 las denuncias correspondientes ante la Fiscal\u00eda General del Estado, no hay respuesta.<\/p>\n<p>Hizo todos los tr\u00e1mites correspondientes e interpuso las denuncias ante la Fiscal\u00eda General del Estado (FGE), y hasta el momento no les han dado ninguna respuesta, es la primera vez que se manifiesta ya que son de Veracruz.<\/p>\n<p>Abund\u00f3 que ambos desaparecieron en la ciudad de Veracruz y la \u00faltima vez que se les vio fue en Chedraui Plaza Coyol el pasado 14 de enero de 2025 y a partir de ese momento se perdi\u00f3 el contacto con ellos.<\/p>\n<p>Y es que indic\u00f3 que su familia se siente amenazada por veh\u00edculos que pertenecer\u00edan a la Fiscal\u00eda o bien a ministeriales qu\u00e9 rondan por su casa.<\/p>\n<p>&#8220;La Fiscal\u00eda a\u00fan no ha podido hacer mucho, est\u00e1n en investigaciones pero la realidad es que nos est\u00e1n acosando muchos carros por la casa, nos siguen y hemos visto que son carros de la Fiscal\u00eda y de ministeriales nosotros no somos los que que queremos que nos sigan, queremos que busquen a nuestra hija, nos sentimos muy amenazados\u201d, explic\u00f3.<\/p>\n<p>Finalmente dijo que busca ser atendida por la gobernadora y poder exponer la situaci\u00f3n por la que est\u00e1 pasando, \u201cmi nieto y yo venimos a la Unidad Especializada en Combate al Secuestro (UECS) a denunciarlo y nos dijeron que con todos los datos que dimos y nos pidieron que ellos iban a investigar pero la realidad es que se hicieron caso omiso, porque cuando la fiscal\u00eda envi\u00f3 el expediente, porque fue secuestro porque despu\u00e9s pidieron rescate y cuando la Fiscal\u00eda mand\u00f3 el expediente a la UECS la UECS lo rechaz\u00f3 porque dijo que aqu\u00ed no hab\u00eda ninguna denuncia, pues eso esta muy mal\u201d.<\/p>\n","protected":false},"excerpt":{"rendered":"<p>Dario Pale Xalapa, Ver.- La se\u00f1ora Trinidad Becerra Tiburcio pidi\u00f3 a la Gobernadora Roc\u00edo Nahle, su intervenci\u00f3n para que sus familiares Alba M\u00f3nica Ram\u00edrez Becerra y Bibiano Toledo Castro quienes se encuentran desaparecidos, sean localizados con vida y la UECS no recibi\u00f3 el expediente. Entrevistada, se\u00f1al\u00f3 que tanto como su hija y su yerno se [&hellip;]<\/p>\n","protected":false},"author":2476,"featured_media":63645,"comment_status":"open","ping_status":"open","sticky":false,"template":"","format":"standard","meta":{"_jetpack_memberships_contains_paid_content":false,"footnotes":""},"categories":[2],"tags":[],"class_list":["post-63644","post","type-post","status-publish","format-standard","has-post-thumbnail","hentry","category-estado"],"jetpack_featured_media_url":"https:\/\/encuentroinformativo.com.mx\/wp-content\/uploads\/2025\/02\/IMG-20250213-WA0177.jpg","jetpack_sharing_enabled":true,"jetpack_likes_enabled":true,"amp_enabled":true,"_links":{"self":[{"href":"https:\/\/encuentroinformativo.com.mx\/index.php?rest_route=\/wp\/v2\/posts\/63644","targetHints":{"allow":["GET"]}}],"collection":[{"href":"https:\/\/encuentroinformativo.com.mx\/index.php?rest_route=\/wp\/v2\/posts"}],"about":[{"href":"https:\/\/encuentroinformativo.com.mx\/index.php?rest_route=\/wp\/v2\/types\/post"}],"author":[{"embeddable":true,"href":"https:\/\/encuentroinformativo.com.mx\/index.php?rest_route=\/wp\/v2\/users\/2476"}],"replies":[{"embeddable":true,"href":"https:\/\/encuentroinformativo.com.mx\/index.php?rest_route=%2Fwp%2Fv2%2Fcomments&post=63644"}],"version-history":[{"count":1,"href":"https:\/\/encuentroinformativo.com.mx\/index.php?rest_route=\/wp\/v2\/posts\/63644\/revisions"}],"predecessor-version":[{"id":63646,"href":"https:\/\/encuentroinformativo.com.mx\/index.php?rest_route=\/wp\/v2\/posts\/63644\/revisions\/63646"}],"wp:featuredmedia":[{"embeddable":true,"href":"https:\/\/encuentroinformativo.com.mx\/index.php?rest_route=\/wp\/v2\/media\/63645"}],"wp:attachment":[{"href":"https:\/\/encuentroinformativo.com.mx\/index.php?rest_route=%2Fwp%2Fv2%2Fmedia&parent=63644"}],"wp:term":[{"taxonomy":"category","embeddable":true,"href":"https:\/\/encuentroinformativo.com.mx\/index.php?rest_route=%2Fwp%2Fv2%2Fcategories&post=63644"},{"taxonomy":"post_tag","embeddable":true,"href":"https:\/\/encuentroinformativo.com.mx\/index.php?rest_route=%2Fwp%2Fv2%2Ftags&post=63644"}],"curies":[{"name":"wp","href":"https:\/\/api.w.org\/{rel}","templated":true}]}}