{"id":63647,"date":"2025-02-13T11:06:55","date_gmt":"2025-02-13T17:06:55","guid":{"rendered":"https:\/\/encuentroinformativo.com.mx\/?p=63647"},"modified":"2025-02-13T11:06:55","modified_gmt":"2025-02-13T17:06:55","slug":"fuerte-operativo-en-alvarado-por-privacion-de-la-libertad","status":"publish","type":"post","link":"https:\/\/encuentroinformativo.com.mx\/?p=63647","title":{"rendered":"Fuerte operativo en Alvarado por privaci\u00f3n de la libertad"},"content":{"rendered":"<p><strong style=\"font-size: 1rem;\">Alejandro \u00c1vila<\/strong><\/p>\n<p>Alvarado, Ver.- La noche de este mi\u00e9rcoles en el municipio de Alvarado se registr\u00f3 un fuerte operativo policial &#8220;C\u00f3digo Rojo&#8221;, debido a la presunta privaci\u00f3n de la libertad de una persona.<\/p>\n<p>Aproximadamente a las 10 de la noche de este mi\u00e9rcoles vecinos de la cabecera municipal del municipio reportaron detonaciones de arma de fuego, minutos m\u00e1s tarde confirmaron que estos se realizaban en la colonia Pescadores y que varias unidades de la polic\u00eda se desplegaban hacia el sitio.<\/p>\n<p>Alrededor de las 11:30 de la noche la calle Bah\u00eda Tibur\u00f3n se encontraba totalmente bloqueada, mientras el fuerte dispositivo de seguridad flanqueaba la zona.<\/p>\n<p>De manera extraoficial se pudo conocer que la Guardia Nacional, Secretar\u00eda de Marina y Polic\u00eda Estatal desplegaron el operativo, pues una persona hab\u00eda sido privada de su libertad, durante su intervenci\u00f3n se registr\u00f3 un fuego cruzado contra los delincuentes; hasta el momento no se ha reportado la detenci\u00f3n de ninguna persona; sin embargo, se confirm\u00f3 que no existe ning\u00fan fallecido como se rumor\u00f3 en redes sociales.<\/p>\n","protected":false},"excerpt":{"rendered":"<p>Alejandro \u00c1vila Alvarado, Ver.- La noche de este mi\u00e9rcoles en el municipio de Alvarado se registr\u00f3 un fuerte operativo policial &#8220;C\u00f3digo Rojo&#8221;, debido a la presunta privaci\u00f3n de la libertad de una persona. Aproximadamente a las 10 de la noche de este mi\u00e9rcoles vecinos de la cabecera municipal del municipio reportaron detonaciones de arma de [&hellip;]<\/p>\n","protected":false},"author":2476,"featured_media":63648,"comment_status":"open","ping_status":"open","sticky":false,"template":"","format":"standard","meta":{"_jetpack_memberships_contains_paid_content":false,"footnotes":""},"categories":[2],"tags":[],"class_list":["post-63647","post","type-post","status-publish","format-standard","has-post-thumbnail","hentry","category-estado"],"jetpack_featured_media_url":"https:\/\/encuentroinformativo.com.mx\/wp-content\/uploads\/2025\/02\/Screenshot_20250213-1101172.png","jetpack_sharing_enabled":true,"jetpack_likes_enabled":true,"amp_enabled":true,"_links":{"self":[{"href":"https:\/\/encuentroinformativo.com.mx\/index.php?rest_route=\/wp\/v2\/posts\/63647","targetHints":{"allow":["GET"]}}],"collection":[{"href":"https:\/\/encuentroinformativo.com.mx\/index.php?rest_route=\/wp\/v2\/posts"}],"about":[{"href":"https:\/\/encuentroinformativo.com.mx\/index.php?rest_route=\/wp\/v2\/types\/post"}],"author":[{"embeddable":true,"href":"https:\/\/encuentroinformativo.com.mx\/index.php?rest_route=\/wp\/v2\/users\/2476"}],"replies":[{"embeddable":true,"href":"https:\/\/encuentroinformativo.com.mx\/index.php?rest_route=%2Fwp%2Fv2%2Fcomments&post=63647"}],"version-history":[{"count":1,"href":"https:\/\/encuentroinformativo.com.mx\/index.php?rest_route=\/wp\/v2\/posts\/63647\/revisions"}],"predecessor-version":[{"id":63649,"href":"https:\/\/encuentroinformativo.com.mx\/index.php?rest_route=\/wp\/v2\/posts\/63647\/revisions\/63649"}],"wp:featuredmedia":[{"embeddable":true,"href":"https:\/\/encuentroinformativo.com.mx\/index.php?rest_route=\/wp\/v2\/media\/63648"}],"wp:attachment":[{"href":"https:\/\/encuentroinformativo.com.mx\/index.php?rest_route=%2Fwp%2Fv2%2Fmedia&parent=63647"}],"wp:term":[{"taxonomy":"category","embeddable":true,"href":"https:\/\/encuentroinformativo.com.mx\/index.php?rest_route=%2Fwp%2Fv2%2Fcategories&post=63647"},{"taxonomy":"post_tag","embeddable":true,"href":"https:\/\/encuentroinformativo.com.mx\/index.php?rest_route=%2Fwp%2Fv2%2Ftags&post=63647"}],"curies":[{"name":"wp","href":"https:\/\/api.w.org\/{rel}","templated":true}]}}