{"id":63650,"date":"2025-02-13T11:40:02","date_gmt":"2025-02-13T17:40:02","guid":{"rendered":"https:\/\/encuentroinformativo.com.mx\/?p=63650"},"modified":"2025-02-13T11:40:02","modified_gmt":"2025-02-13T17:40:02","slug":"regidora-aumenta-en-50-por-ciento-red-de-apoyo-para-autoempleo-y-becas-educativas","status":"publish","type":"post","link":"https:\/\/encuentroinformativo.com.mx\/?p=63650","title":{"rendered":"Regidora aumenta en 50 por ciento red de apoyo para autoempleo y becas educativas"},"content":{"rendered":"<p><strong style=\"font-size: 1rem;\">Alejandro \u00c1vila<\/strong><\/p>\n<p>Veracruz, Ver.- A pesar de que los programas sociales ya fueron aprobados como derechos constitucionales, existe un sector de la poblaci\u00f3n al cual no le llegan directamente estos apoyos, se\u00f1al\u00f3 la regidora del Ayuntamiento de Veracruz, Lissethe Mart\u00ednez Echeverr\u00eda.<\/p>\n<p>Se trata de las personas que est\u00e1n en el rango de edad de los 25 a los 45 a\u00f1os, a quienes, adem\u00e1s, por la v\u00eda municipal, por falta de presupuesto no se les puede apoyar de forma directa.<\/p>\n<p>Para combatir esa situaci\u00f3n, la propia edil morenista implement\u00f3 desde hace varios a\u00f1os, talleres de autoempleo, becas acad\u00e9micas para educaci\u00f3n media y media superior.<\/p>\n<p>&#8220;Esto con respecto a las mujeres, que para m\u00ed siempre ha sido la bandera muy importante mi bandera de g\u00e9nero, que tambi\u00e9n a trav\u00e9s de estas herramientas y mecanismos han podido salir de situaciones de violencia intrafamiliar, el empoderamiento econ\u00f3mico de todas las familias no nada m\u00e1s de las mujeres, pero tambi\u00e9n as\u00ed hemos podido llevar un trabajo que va pegado a nuestros ideales, tanto de nuestro movimiento que va encaminado a nuestros estatutos, pero que tambi\u00e9n va encaminado a la visi\u00f3n que tengo de llevar a nuestra sociedad al progreso en todos los sectores de la sociedad&#8221;, subray\u00f3.<\/p>\n<p>Mart\u00ednez Echeverr\u00eda, con m\u00e1s de una d\u00e9cada de activismo, ha venido sumando sectores clave de la ciudadan\u00eda, ampliando significativamente el alcance de sus iniciativas. En los \u00faltimos a\u00f1os, su red de colaboradores ha crecido en un 50%, fortaleciendo la estructura de apoyo que impulsa desde hace varios a\u00f1os. Este respaldo ciudadano la ha convertido en una de las ediles m\u00e1s activas en la promoci\u00f3n del autoempleo y la educaci\u00f3n.<\/p>\n","protected":false},"excerpt":{"rendered":"<p>Alejandro \u00c1vila Veracruz, Ver.- A pesar de que los programas sociales ya fueron aprobados como derechos constitucionales, existe un sector de la poblaci\u00f3n al cual no le llegan directamente estos apoyos, se\u00f1al\u00f3 la regidora del Ayuntamiento de Veracruz, Lissethe Mart\u00ednez Echeverr\u00eda. Se trata de las personas que est\u00e1n en el rango de edad de los [&hellip;]<\/p>\n","protected":false},"author":2476,"featured_media":63651,"comment_status":"open","ping_status":"open","sticky":false,"template":"","format":"standard","meta":{"_jetpack_memberships_contains_paid_content":false,"footnotes":""},"categories":[2],"tags":[],"class_list":["post-63650","post","type-post","status-publish","format-standard","has-post-thumbnail","hentry","category-estado"],"jetpack_featured_media_url":"https:\/\/encuentroinformativo.com.mx\/wp-content\/uploads\/2025\/02\/IMG-20250213-WA0206.jpg","jetpack_sharing_enabled":true,"jetpack_likes_enabled":true,"amp_enabled":true,"_links":{"self":[{"href":"https:\/\/encuentroinformativo.com.mx\/index.php?rest_route=\/wp\/v2\/posts\/63650","targetHints":{"allow":["GET"]}}],"collection":[{"href":"https:\/\/encuentroinformativo.com.mx\/index.php?rest_route=\/wp\/v2\/posts"}],"about":[{"href":"https:\/\/encuentroinformativo.com.mx\/index.php?rest_route=\/wp\/v2\/types\/post"}],"author":[{"embeddable":true,"href":"https:\/\/encuentroinformativo.com.mx\/index.php?rest_route=\/wp\/v2\/users\/2476"}],"replies":[{"embeddable":true,"href":"https:\/\/encuentroinformativo.com.mx\/index.php?rest_route=%2Fwp%2Fv2%2Fcomments&post=63650"}],"version-history":[{"count":1,"href":"https:\/\/encuentroinformativo.com.mx\/index.php?rest_route=\/wp\/v2\/posts\/63650\/revisions"}],"predecessor-version":[{"id":63652,"href":"https:\/\/encuentroinformativo.com.mx\/index.php?rest_route=\/wp\/v2\/posts\/63650\/revisions\/63652"}],"wp:featuredmedia":[{"embeddable":true,"href":"https:\/\/encuentroinformativo.com.mx\/index.php?rest_route=\/wp\/v2\/media\/63651"}],"wp:attachment":[{"href":"https:\/\/encuentroinformativo.com.mx\/index.php?rest_route=%2Fwp%2Fv2%2Fmedia&parent=63650"}],"wp:term":[{"taxonomy":"category","embeddable":true,"href":"https:\/\/encuentroinformativo.com.mx\/index.php?rest_route=%2Fwp%2Fv2%2Fcategories&post=63650"},{"taxonomy":"post_tag","embeddable":true,"href":"https:\/\/encuentroinformativo.com.mx\/index.php?rest_route=%2Fwp%2Fv2%2Ftags&post=63650"}],"curies":[{"name":"wp","href":"https:\/\/api.w.org\/{rel}","templated":true}]}}