{"id":63654,"date":"2025-02-13T11:45:00","date_gmt":"2025-02-13T17:45:00","guid":{"rendered":"https:\/\/encuentroinformativo.com.mx\/?p=63654"},"modified":"2025-02-13T11:45:00","modified_gmt":"2025-02-13T17:45:00","slug":"del-rio-virgen-supervigilante-del-auditor-superior-de-la-federacion-en-la-camara-de-diputados","status":"publish","type":"post","link":"https:\/\/encuentroinformativo.com.mx\/?p=63654","title":{"rendered":"Del R\u00edo Virgen supervigilante del Auditor Superior de la Federaci\u00f3n en la C\u00e1mara de Diputados"},"content":{"rendered":"<p><strong><span style=\"font-size: 1rem;\">* Trabajar\u00e1 de forma coordinada con otro veracruzano, el diputado Javier Herrera Borunda (secretario de Organizaci\u00f3n del CEN del PVEM).<\/span><\/strong><\/p>\n<p><strong>Redacci\u00f3n<\/strong><\/p>\n<p>Xalapa, Ver.- Jos\u00e9 Manuel Del R\u00edo Virgen fue nombrado director de Control Interno y Evaluaci\u00f3n T\u00e9cnica de la Comisi\u00f3n de Vigilancia de la Auditor\u00eda Superior de la Federaci\u00f3n de la C\u00e1mara de Diputados.<\/p>\n<p>Desde este espacio trabajar\u00e1 de forma coordinada con otro veracruzano, el diputado Javier Herrera Borunda, presidente de la Comisi\u00f3n de Vigilancia de la C\u00e1mara de Diputados.<\/p>\n<p>Del R\u00edo, que tambi\u00e9n es senador suplente de Movimiento Ciudadano, dar\u00e1 seguimiento a los trabajos al Auditor Superior de la Federaci\u00f3n.<\/p>\n","protected":false},"excerpt":{"rendered":"<p>* Trabajar\u00e1 de forma coordinada con otro veracruzano, el diputado Javier Herrera Borunda (secretario de Organizaci\u00f3n del CEN del PVEM). Redacci\u00f3n Xalapa, Ver.- Jos\u00e9 Manuel Del R\u00edo Virgen fue nombrado director de Control Interno y Evaluaci\u00f3n T\u00e9cnica de la Comisi\u00f3n de Vigilancia de la Auditor\u00eda Superior de la Federaci\u00f3n de la C\u00e1mara de Diputados. Desde [&hellip;]<\/p>\n","protected":false},"author":2476,"featured_media":44183,"comment_status":"open","ping_status":"open","sticky":false,"template":"","format":"standard","meta":{"_jetpack_memberships_contains_paid_content":false,"footnotes":""},"categories":[2,12],"tags":[],"class_list":["post-63654","post","type-post","status-publish","format-standard","has-post-thumbnail","hentry","category-estado","category-nacional"],"jetpack_featured_media_url":"https:\/\/encuentroinformativo.com.mx\/wp-content\/uploads\/2023\/08\/Photo_16927223259132.jpg","jetpack_sharing_enabled":true,"jetpack_likes_enabled":true,"amp_enabled":true,"_links":{"self":[{"href":"https:\/\/encuentroinformativo.com.mx\/index.php?rest_route=\/wp\/v2\/posts\/63654","targetHints":{"allow":["GET"]}}],"collection":[{"href":"https:\/\/encuentroinformativo.com.mx\/index.php?rest_route=\/wp\/v2\/posts"}],"about":[{"href":"https:\/\/encuentroinformativo.com.mx\/index.php?rest_route=\/wp\/v2\/types\/post"}],"author":[{"embeddable":true,"href":"https:\/\/encuentroinformativo.com.mx\/index.php?rest_route=\/wp\/v2\/users\/2476"}],"replies":[{"embeddable":true,"href":"https:\/\/encuentroinformativo.com.mx\/index.php?rest_route=%2Fwp%2Fv2%2Fcomments&post=63654"}],"version-history":[{"count":1,"href":"https:\/\/encuentroinformativo.com.mx\/index.php?rest_route=\/wp\/v2\/posts\/63654\/revisions"}],"predecessor-version":[{"id":63655,"href":"https:\/\/encuentroinformativo.com.mx\/index.php?rest_route=\/wp\/v2\/posts\/63654\/revisions\/63655"}],"wp:featuredmedia":[{"embeddable":true,"href":"https:\/\/encuentroinformativo.com.mx\/index.php?rest_route=\/wp\/v2\/media\/44183"}],"wp:attachment":[{"href":"https:\/\/encuentroinformativo.com.mx\/index.php?rest_route=%2Fwp%2Fv2%2Fmedia&parent=63654"}],"wp:term":[{"taxonomy":"category","embeddable":true,"href":"https:\/\/encuentroinformativo.com.mx\/index.php?rest_route=%2Fwp%2Fv2%2Fcategories&post=63654"},{"taxonomy":"post_tag","embeddable":true,"href":"https:\/\/encuentroinformativo.com.mx\/index.php?rest_route=%2Fwp%2Fv2%2Ftags&post=63654"}],"curies":[{"name":"wp","href":"https:\/\/api.w.org\/{rel}","templated":true}]}}