{"id":63656,"date":"2025-02-13T13:05:19","date_gmt":"2025-02-13T19:05:19","guid":{"rendered":"https:\/\/encuentroinformativo.com.mx\/?p=63656"},"modified":"2025-02-13T13:05:19","modified_gmt":"2025-02-13T19:05:19","slug":"identifican-a-sujeto-asesinado-con-violencia-en-angel-r-cabada","status":"publish","type":"post","link":"https:\/\/encuentroinformativo.com.mx\/?p=63656","title":{"rendered":"Identifican a sujeto asesinado con violencia en \u00c1ngel R. Cabada"},"content":{"rendered":"<p><strong style=\"font-size: 1rem;\">Alejandro \u00c1vila<\/strong><\/p>\n<p>\u00c1ngel R. Cabada, Ver.- La noche de este mi\u00e9rcoles fue identificada la persona encontrada sin vida en los ca\u00f1ales del municipio de \u00c1ngel R. Cabada.<\/p>\n<p>La persona fue identificada como Andr\u00e9s T. M. de 54 a\u00f1os y originario de municipio de San Andr\u00e9s Tuxtla.<\/p>\n<p>Cabe recordar que reporte an\u00f3nimo se hizo la ma\u00f1ana de este martes 11 de febrero alrededor de las 9 de la ma\u00f1ana, cuando vecinos de la colonia Magisterial del municipio de \u00c1ngel R. Cabada, dieron aviso a las autoridades sobre el avistamiento de un cuerpo en una zona de ca\u00f1ales.<\/p>\n<p>Al llegar los elementos de la Polic\u00eda Municipal en compa\u00f1\u00eda de Protecci\u00f3n Civil, dieron cuenta que el sujeto ya no contaba con signos vitales; el hombre vest\u00eda playera verde y pantal\u00f3n de mezclilla y con varios signos de violencia, pues ten\u00eda una soga en el cuello, por lo cual habr\u00eda sido ahorcado, adem\u00e1s de m\u00faltiples contusiones producto de golpes con un palo bate, y finalmente fue arrastrado por toda la zona del ca\u00f1al.<\/p>\n<p>Elementos de la Polic\u00eda Ministerial contin\u00faan con las investigaciones para dar con los responsables de este suceso.<\/p>\n","protected":false},"excerpt":{"rendered":"<p>Alejandro \u00c1vila \u00c1ngel R. Cabada, Ver.- La noche de este mi\u00e9rcoles fue identificada la persona encontrada sin vida en los ca\u00f1ales del municipio de \u00c1ngel R. Cabada. La persona fue identificada como Andr\u00e9s T. M. de 54 a\u00f1os y originario de municipio de San Andr\u00e9s Tuxtla. Cabe recordar que reporte an\u00f3nimo se hizo la ma\u00f1ana [&hellip;]<\/p>\n","protected":false},"author":2476,"featured_media":63657,"comment_status":"open","ping_status":"open","sticky":false,"template":"","format":"standard","meta":{"_jetpack_memberships_contains_paid_content":false,"footnotes":""},"categories":[14],"tags":[],"class_list":["post-63656","post","type-post","status-publish","format-standard","has-post-thumbnail","hentry","category-policiaca"],"jetpack_featured_media_url":"https:\/\/encuentroinformativo.com.mx\/wp-content\/uploads\/2025\/02\/IMG-20250213-WA0347.jpg","jetpack_sharing_enabled":true,"jetpack_likes_enabled":true,"amp_enabled":true,"_links":{"self":[{"href":"https:\/\/encuentroinformativo.com.mx\/index.php?rest_route=\/wp\/v2\/posts\/63656","targetHints":{"allow":["GET"]}}],"collection":[{"href":"https:\/\/encuentroinformativo.com.mx\/index.php?rest_route=\/wp\/v2\/posts"}],"about":[{"href":"https:\/\/encuentroinformativo.com.mx\/index.php?rest_route=\/wp\/v2\/types\/post"}],"author":[{"embeddable":true,"href":"https:\/\/encuentroinformativo.com.mx\/index.php?rest_route=\/wp\/v2\/users\/2476"}],"replies":[{"embeddable":true,"href":"https:\/\/encuentroinformativo.com.mx\/index.php?rest_route=%2Fwp%2Fv2%2Fcomments&post=63656"}],"version-history":[{"count":1,"href":"https:\/\/encuentroinformativo.com.mx\/index.php?rest_route=\/wp\/v2\/posts\/63656\/revisions"}],"predecessor-version":[{"id":63658,"href":"https:\/\/encuentroinformativo.com.mx\/index.php?rest_route=\/wp\/v2\/posts\/63656\/revisions\/63658"}],"wp:featuredmedia":[{"embeddable":true,"href":"https:\/\/encuentroinformativo.com.mx\/index.php?rest_route=\/wp\/v2\/media\/63657"}],"wp:attachment":[{"href":"https:\/\/encuentroinformativo.com.mx\/index.php?rest_route=%2Fwp%2Fv2%2Fmedia&parent=63656"}],"wp:term":[{"taxonomy":"category","embeddable":true,"href":"https:\/\/encuentroinformativo.com.mx\/index.php?rest_route=%2Fwp%2Fv2%2Fcategories&post=63656"},{"taxonomy":"post_tag","embeddable":true,"href":"https:\/\/encuentroinformativo.com.mx\/index.php?rest_route=%2Fwp%2Fv2%2Ftags&post=63656"}],"curies":[{"name":"wp","href":"https:\/\/api.w.org\/{rel}","templated":true}]}}