{"id":63691,"date":"2025-02-13T19:12:33","date_gmt":"2025-02-14T01:12:33","guid":{"rendered":"https:\/\/encuentroinformativo.com.mx\/?p=63691"},"modified":"2025-02-13T19:12:33","modified_gmt":"2025-02-14T01:12:33","slug":"legislar-en-materia-de-violencia-simbolica-propone-diputada","status":"publish","type":"post","link":"https:\/\/encuentroinformativo.com.mx\/?p=63691","title":{"rendered":"Legislar en materia de Violencia Simb\u00f3lica, propone diputada"},"content":{"rendered":"<p><strong>* Presenta Naomi Edith G\u00f3mez Santos una iniciativa para actualizar la Ley Estatal de Acceso de las Mujeres a una Vida Libre de Violencia.<\/strong><\/p>\n<p style=\"font-weight: 400;\"><span style=\"font-size: 1rem;\">Xalapa, Ver.- El reconocimiento de la Violencia Simb\u00f3lica y su establecimiento en el Art\u00edculo 7 de la Ley Estatal de Acceso de las Mujeres a una Vida Libre de Violencia, a fin de visibilizarla y lograr erradicarla de todos los \u00e1mbitos de nuestra sociedad, propuso, mediante una iniciativa, la diputada Naomi Edith G\u00f3mez Santos.<\/span><\/p>\n<p style=\"font-weight: 400;\"><span style=\"font-size: 1rem;\">Para tal efecto, plantea que sean reformadas las fracciones IX y X del referido art\u00edculo, contenido en Cap\u00edtulo I \u201cDe los Tipos de Violencia\u201d, como parte del T\u00edtulo Segundo \u201cTipos y Modalidades de la Violencia\u201d.<\/span><\/p>\n<p style=\"font-weight: 400;\"><span style=\"font-size: 1rem;\">De acuerdo con este proyecto legislativo, la Violencia Simb\u00f3lica es \u201caquella que, mediante patrones estereotipados, mensajes, valores, \u00edconos o signos, transmita y reproduzca dominaci\u00f3n, desigualdad y discriminaci\u00f3n en las relaciones sociales, naturalizando la subordinaci\u00f3n de la mujer en la sociedad, reproduciendo las relaciones de dominio-sumisi\u00f3n. Se trata de una violencia indirecta no f\u00edsica, en donde quien violenta lo hace de forma impl\u00edcita, soterrada y sutil, coloc\u00e1ndose en un estatus de dominaci\u00f3n sobre las mujeres, a trav\u00e9s de estereotipos de g\u00e9nero. Puede darse en cualquier \u00e1mbito, desde el familiar, escolar, laboral, pol\u00edtico, religioso, en la comunidad y cualquier otro en donde se desenvuelvan las mujeres\u201d.<\/span><\/p>\n<p style=\"font-weight: 400;\"><span style=\"font-size: 1rem;\">La fracci\u00f3n IX, que defina como tipo de violencia contra las mujeres \u201cCualesquiera otras que lesionen o sean susceptibles de da\u00f1ar la dignidad, la integridad o la libertad de las mujeres\u201d, pasar\u00eda a ser la fracci\u00f3n XI.<\/span><\/p>\n<p style=\"font-weight: 400;\"><span style=\"font-size: 1rem;\">Y la fracci\u00f3n X, seg\u00fan la cual, la Violencia \u00c1cida es \u201caquella que pretende causar da\u00f1o f\u00edsico irreversible que lastime, altere o cause alguna discapacidad, mediante la acci\u00f3n de arrojar \u00e1cido, \u00e1lcalis, sustancias qu\u00edmicas, corrosivas, c\u00e1usticas, irritantes, t\u00f3xicas, inflamables, l\u00edquidos a altas temperaturas o cualquier otra sustancia que pueda provocar o no lesiones en \u00f3rganos internos o externos o en ambos\u201d, pasar\u00eda a ocupar el lugar de la fracci\u00f3n IX.<\/span><\/p>\n<p style=\"font-weight: 400;\"><span style=\"font-size: 1rem;\">Este proyecto remite a la Ley General de Acceso de las Mujeres a una Vida Libre de Violencia, que en su Art\u00edculo 6\u00b0 enumera de manera expresa seis tipos de violencia: Psicol\u00f3gica, F\u00edsica, Patrimonial, Econ\u00f3mica, Sexual y la que se ejerce a trav\u00e9s de Interp\u00f3sita Persona, y al ordenamiento estatal que, a la fecha, enlista nueve: Psicol\u00f3gica, F\u00edsica, Sexual, Patrimonial, Econ\u00f3mica, Obst\u00e9trica, Digital, Medi\u00e1tica y \u00c1cida.<\/span><\/p>\n<p style=\"font-weight: 400;\"><span style=\"font-size: 1rem;\">Con la adhesi\u00f3n de las diputadas Elizabeth Morales Garc\u00eda y Luz Alicia Delf\u00edn Rodr\u00edguez, as\u00ed como de los Grupos Legislativos de Morena y del Partido del Trabajo (PT), la Iniciativa con Proyecto de Decreto por el que se reforman las fracciones IX y X del Art\u00edculo 7 y se adiciona la fracci\u00f3n XI del mismo art\u00edculo, todas de la Ley N\u00famero 235 de Acceso de las Mujeres a una Vida Libre de Violencia para el Estado de Veracruz, fue turnada a la Comisi\u00f3n Permanente para la Igualdad de G\u00e9nero.<\/span><\/p>\n","protected":false},"excerpt":{"rendered":"<p>* Presenta Naomi Edith G\u00f3mez Santos una iniciativa para actualizar la Ley Estatal de Acceso de las Mujeres a una Vida Libre de Violencia. Xalapa, Ver.- El reconocimiento de la Violencia Simb\u00f3lica y su establecimiento en el Art\u00edculo 7 de la Ley Estatal de Acceso de las Mujeres a una Vida Libre de Violencia, a [&hellip;]<\/p>\n","protected":false},"author":2476,"featured_media":63692,"comment_status":"open","ping_status":"open","sticky":false,"template":"","format":"standard","meta":{"_jetpack_memberships_contains_paid_content":false,"footnotes":""},"categories":[2],"tags":[],"class_list":["post-63691","post","type-post","status-publish","format-standard","has-post-thumbnail","hentry","category-estado"],"jetpack_featured_media_url":"https:\/\/encuentroinformativo.com.mx\/wp-content\/uploads\/2025\/02\/NOV13FEB2025NAOMI2.jpeg","jetpack_sharing_enabled":true,"jetpack_likes_enabled":true,"amp_enabled":true,"_links":{"self":[{"href":"https:\/\/encuentroinformativo.com.mx\/index.php?rest_route=\/wp\/v2\/posts\/63691","targetHints":{"allow":["GET"]}}],"collection":[{"href":"https:\/\/encuentroinformativo.com.mx\/index.php?rest_route=\/wp\/v2\/posts"}],"about":[{"href":"https:\/\/encuentroinformativo.com.mx\/index.php?rest_route=\/wp\/v2\/types\/post"}],"author":[{"embeddable":true,"href":"https:\/\/encuentroinformativo.com.mx\/index.php?rest_route=\/wp\/v2\/users\/2476"}],"replies":[{"embeddable":true,"href":"https:\/\/encuentroinformativo.com.mx\/index.php?rest_route=%2Fwp%2Fv2%2Fcomments&post=63691"}],"version-history":[{"count":1,"href":"https:\/\/encuentroinformativo.com.mx\/index.php?rest_route=\/wp\/v2\/posts\/63691\/revisions"}],"predecessor-version":[{"id":63693,"href":"https:\/\/encuentroinformativo.com.mx\/index.php?rest_route=\/wp\/v2\/posts\/63691\/revisions\/63693"}],"wp:featuredmedia":[{"embeddable":true,"href":"https:\/\/encuentroinformativo.com.mx\/index.php?rest_route=\/wp\/v2\/media\/63692"}],"wp:attachment":[{"href":"https:\/\/encuentroinformativo.com.mx\/index.php?rest_route=%2Fwp%2Fv2%2Fmedia&parent=63691"}],"wp:term":[{"taxonomy":"category","embeddable":true,"href":"https:\/\/encuentroinformativo.com.mx\/index.php?rest_route=%2Fwp%2Fv2%2Fcategories&post=63691"},{"taxonomy":"post_tag","embeddable":true,"href":"https:\/\/encuentroinformativo.com.mx\/index.php?rest_route=%2Fwp%2Fv2%2Ftags&post=63691"}],"curies":[{"name":"wp","href":"https:\/\/api.w.org\/{rel}","templated":true}]}}