{"id":63694,"date":"2025-02-13T19:19:59","date_gmt":"2025-02-14T01:19:59","guid":{"rendered":"https:\/\/encuentroinformativo.com.mx\/?p=63694"},"modified":"2025-02-13T19:20:00","modified_gmt":"2025-02-14T01:20:00","slug":"incorporarian-en-el-codigo-civil-el-reconocimiento-de-la-identidad-de-genero","status":"publish","type":"post","link":"https:\/\/encuentroinformativo.com.mx\/?p=63694","title":{"rendered":"Incorporar\u00edan en el C\u00f3digo Civil el reconocimiento de la identidad de g\u00e9nero"},"content":{"rendered":"<p style=\"font-weight: 400;\"><strong>*Las personas trans contar\u00edan con acta de nacimiento que reconocer\u00eda la identidad de g\u00e9nero con la que se autoperciban, afirma la diputada Astrid S\u00e1nchez Moguel.<\/strong><\/p>\n<p style=\"font-weight: 400;\"><span style=\"font-size: 1rem;\">Xalapa, Ver.- Con el objetivo de brindar certeza jur\u00eddica a los grupos LGBT+, en particular a la comunidad trans en materia de reconocimiento de la identidad de g\u00e9nero autopercibida, las diputadas Tanya Carola Viveros Ch\u00e1zaro y Astrid S\u00e1nchez Moguel presentaron una iniciativa de decreto que reforma y adiciona diversas disposiciones del C\u00f3digo Civil de Veracruz, para incorporar dicho concepto, as\u00ed como el procedimiento administrativo de reconocimiento dentro de los actos del estado civil.<\/span><\/p>\n<p style=\"font-weight: 400;\"><span style=\"font-size: 1rem;\">En el uso de la voz, la presidenta de la Comisi\u00f3n Permanente para la Igualdad de G\u00e9nero de la LXVII Legislatura, diputada Astrid S\u00e1nchez Moguel, explic\u00f3 que la omisi\u00f3n de medidas legislativas ha propiciado la vulneraci\u00f3n de los derechos humanos de este sector, dando pie a la discriminaci\u00f3n, la estigmatizaci\u00f3n y la violencia en contra de las personas cuya identidad irrumpe a los estereotipos socioculturales.<\/span><\/p>\n<p style=\"font-weight: 400;\"><span style=\"font-size: 1rem;\">Esta propuesta, agreg\u00f3, prev\u00e9 garantizar a las personas trans que est\u00e9n en jurisdicci\u00f3n mexicana contar con leyes que les aseguren el reconocimiento de su identidad de g\u00e9nero autopercibida, \u201cante la anarqu\u00eda normativa se generan escenarios que potencian las violaciones graves a derechos humanos, mermando la dignidad, la integridad, el libre desarrollo de la personalidad, el proyecto de vida y la no discriminaci\u00f3n\u201d, apunt\u00f3.<\/span><\/p>\n<p style=\"font-weight: 400;\"><span style=\"font-size: 1rem;\">La legisladora destac\u00f3 la importancia de adecuar las normas a la realidad social de este sector, para que de esta forma consoliden sus proyectos de vida, partiendo de la dignidad con la que deben ser nombradas y reconocidas.<\/span><\/p>\n<p style=\"font-weight: 400;\"><span style=\"font-size: 1rem;\">Explic\u00f3 que la iniciativa propone reformas al C\u00f3digo Civil, incorporando el concepto de reconocimiento de identidad de g\u00e9nero autopercibida dentro de los actos del estado civil, as\u00ed como la excepci\u00f3n a la referencia de la anotaci\u00f3n en el levantamiento de la nueva acta o el procedimiento administrativo de reconocimiento de identidad de g\u00e9nero, previniendo con ello acciones discriminatorias.<\/span><\/p>\n<p style=\"font-weight: 400;\"><span style=\"font-size: 1rem;\">Asimismo, dijo, se adicionan los Art\u00edculos 761 Bis, referente al concepto de identidad de g\u00e9nero, y los subsecuentes 761 Ter y Quater, relativos a los requisitos para iniciar el procedimiento administrativo de identidad de g\u00e9nero autopercibida y las disposiciones esenciales a las que se sujetar\u00e1, los cuales regular\u00e1n la emisi\u00f3n de una constancia por parte de la autoridad administrativa, ordenando el levantamiento de la nueva acta y la cancelaci\u00f3n del acta primigenia.<\/span><\/p>\n<p style=\"font-weight: 400;\"><span style=\"font-size: 1rem;\">\u201cContar con un acta para algunas personas ha significado su raz\u00f3n de vida, y por ello es necesario tener documentos identitarios a trav\u00e9s de un procedimiento materialmente y formalmente administrativo, ajustando la norma a los principios constitucionales y velando por cumplir los deberes contra\u00eddos por el Estado mexicano ante el derecho internacional de los derechos humanos\u201d, concluy\u00f3.<\/span><\/p>\n<p style=\"font-weight: 400;\"><span style=\"font-size: 1rem;\">A la iniciativa se adhirieron los Grupos Legislativos de Morena, Partido Verde Ecologista de M\u00e9xico (PVEM) y Partido del Trabajo (PT) y, a t\u00edtulo personal, la legisladora Luz Alicia Delf\u00edn Rodr\u00edguez. Para su estudio y dictamen, fue turnada a las Comisiones Permanentes Unidas de Justicia y Puntos Constitucionales y Para la Igualdad de G\u00e9nero.<\/span><\/p>\n","protected":false},"excerpt":{"rendered":"<p>*Las personas trans contar\u00edan con acta de nacimiento que reconocer\u00eda la identidad de g\u00e9nero con la que se autoperciban, afirma la diputada Astrid S\u00e1nchez Moguel. Xalapa, Ver.- Con el objetivo de brindar certeza jur\u00eddica a los grupos LGBT+, en particular a la comunidad trans en materia de reconocimiento de la identidad de g\u00e9nero autopercibida, las [&hellip;]<\/p>\n","protected":false},"author":2476,"featured_media":63696,"comment_status":"open","ping_status":"open","sticky":false,"template":"","format":"standard","meta":{"_jetpack_memberships_contains_paid_content":false,"footnotes":""},"categories":[2],"tags":[],"class_list":["post-63694","post","type-post","status-publish","format-standard","has-post-thumbnail","hentry","category-estado"],"jetpack_featured_media_url":"https:\/\/encuentroinformativo.com.mx\/wp-content\/uploads\/2025\/02\/FB_IMG_1739495771603.jpg","jetpack_sharing_enabled":true,"jetpack_likes_enabled":true,"amp_enabled":true,"_links":{"self":[{"href":"https:\/\/encuentroinformativo.com.mx\/index.php?rest_route=\/wp\/v2\/posts\/63694","targetHints":{"allow":["GET"]}}],"collection":[{"href":"https:\/\/encuentroinformativo.com.mx\/index.php?rest_route=\/wp\/v2\/posts"}],"about":[{"href":"https:\/\/encuentroinformativo.com.mx\/index.php?rest_route=\/wp\/v2\/types\/post"}],"author":[{"embeddable":true,"href":"https:\/\/encuentroinformativo.com.mx\/index.php?rest_route=\/wp\/v2\/users\/2476"}],"replies":[{"embeddable":true,"href":"https:\/\/encuentroinformativo.com.mx\/index.php?rest_route=%2Fwp%2Fv2%2Fcomments&post=63694"}],"version-history":[{"count":1,"href":"https:\/\/encuentroinformativo.com.mx\/index.php?rest_route=\/wp\/v2\/posts\/63694\/revisions"}],"predecessor-version":[{"id":63697,"href":"https:\/\/encuentroinformativo.com.mx\/index.php?rest_route=\/wp\/v2\/posts\/63694\/revisions\/63697"}],"wp:featuredmedia":[{"embeddable":true,"href":"https:\/\/encuentroinformativo.com.mx\/index.php?rest_route=\/wp\/v2\/media\/63696"}],"wp:attachment":[{"href":"https:\/\/encuentroinformativo.com.mx\/index.php?rest_route=%2Fwp%2Fv2%2Fmedia&parent=63694"}],"wp:term":[{"taxonomy":"category","embeddable":true,"href":"https:\/\/encuentroinformativo.com.mx\/index.php?rest_route=%2Fwp%2Fv2%2Fcategories&post=63694"},{"taxonomy":"post_tag","embeddable":true,"href":"https:\/\/encuentroinformativo.com.mx\/index.php?rest_route=%2Fwp%2Fv2%2Ftags&post=63694"}],"curies":[{"name":"wp","href":"https:\/\/api.w.org\/{rel}","templated":true}]}}