{"id":63706,"date":"2025-02-14T12:35:58","date_gmt":"2025-02-14T18:35:58","guid":{"rendered":"https:\/\/encuentroinformativo.com.mx\/?p=63706"},"modified":"2025-02-14T12:35:58","modified_gmt":"2025-02-14T18:35:58","slug":"resaltan-veracruzanos-en-la-eleccion-federal-del-poder-judicial","status":"publish","type":"post","link":"https:\/\/encuentroinformativo.com.mx\/?p=63706","title":{"rendered":"Resaltan veracruzanos en la elecci\u00f3n federal del Poder Judicial"},"content":{"rendered":"<p><strong style=\"font-size: 1rem;\">Alejandro \u00c1vila<\/strong><\/p>\n<p>Veracruz, Ver.- El pr\u00f3ximo 1 de junio tambi\u00e9n habr\u00e1 elecciones para renovar el Poder Judicial de la Federaci\u00f3n, entre los insaculados que aspiran a un cargo destacan varios veracruzanos.<\/p>\n<p>Comit\u00e9s de Evaluaci\u00f3n en los Poderes Ejecutivos, Legislativo y Judicial, revisaron trayectoria y entrevistaron minuciosamente a todos los aspirantes, dejando un total de 99 candidatos, los cuales contender\u00e1n por los nueve cargos de la Suprema Corte de Justicia de la Naci\u00f3n<\/p>\n<p>De entre los 62 hombres y 37 mujeres insaculadas se puede destacar a, la actual encargada de la Comisi\u00f3n Estatal de B\u00fasqueda de Veracruz, Lutgarda Madrigal Valdez, quien forma parte de la lista final de aspirantes al cargo de Ministra de la Suprema Corte de Justicia de la Naci\u00f3n.<\/p>\n<p>La Magistrada, Denisse de los \u00c1ngeles Uribe Obreg\u00f3n, tambi\u00e9n competir\u00e1 en la elecci\u00f3n judicial federal para el cargo de Magistrada de Tribunal de Disciplina Judicial Federal.<\/p>\n<p>Y para el S\u00e9ptimo Circuito Judicial, con sede en Veracruz, se encuentra el Maestro en Derecho Constitucional, Pedro Pablo Castillo Meza, actual Secretario de Estudio y Cuenta del Poder Judicial del Estado de Veracruz (PJEV), y quien fungi\u00f3 como secretario t\u00e9cnico y asesor legislativo en el Senado de la Rep\u00fablica en la anterior legislatura, en esta ocasi\u00f3n competir\u00e1 para el cargo de Juez Federal en competencia mixta.<\/p>\n","protected":false},"excerpt":{"rendered":"<p>Alejandro \u00c1vila Veracruz, Ver.- El pr\u00f3ximo 1 de junio tambi\u00e9n habr\u00e1 elecciones para renovar el Poder Judicial de la Federaci\u00f3n, entre los insaculados que aspiran a un cargo destacan varios veracruzanos. Comit\u00e9s de Evaluaci\u00f3n en los Poderes Ejecutivos, Legislativo y Judicial, revisaron trayectoria y entrevistaron minuciosamente a todos los aspirantes, dejando un total de 99 [&hellip;]<\/p>\n","protected":false},"author":2476,"featured_media":63707,"comment_status":"open","ping_status":"open","sticky":false,"template":"","format":"standard","meta":{"_jetpack_memberships_contains_paid_content":false,"footnotes":""},"categories":[2],"tags":[],"class_list":["post-63706","post","type-post","status-publish","format-standard","has-post-thumbnail","hentry","category-estado"],"jetpack_featured_media_url":"https:\/\/encuentroinformativo.com.mx\/wp-content\/uploads\/2025\/02\/IMG-20250214-WA0124.jpg","jetpack_sharing_enabled":true,"jetpack_likes_enabled":true,"amp_enabled":true,"_links":{"self":[{"href":"https:\/\/encuentroinformativo.com.mx\/index.php?rest_route=\/wp\/v2\/posts\/63706","targetHints":{"allow":["GET"]}}],"collection":[{"href":"https:\/\/encuentroinformativo.com.mx\/index.php?rest_route=\/wp\/v2\/posts"}],"about":[{"href":"https:\/\/encuentroinformativo.com.mx\/index.php?rest_route=\/wp\/v2\/types\/post"}],"author":[{"embeddable":true,"href":"https:\/\/encuentroinformativo.com.mx\/index.php?rest_route=\/wp\/v2\/users\/2476"}],"replies":[{"embeddable":true,"href":"https:\/\/encuentroinformativo.com.mx\/index.php?rest_route=%2Fwp%2Fv2%2Fcomments&post=63706"}],"version-history":[{"count":1,"href":"https:\/\/encuentroinformativo.com.mx\/index.php?rest_route=\/wp\/v2\/posts\/63706\/revisions"}],"predecessor-version":[{"id":63708,"href":"https:\/\/encuentroinformativo.com.mx\/index.php?rest_route=\/wp\/v2\/posts\/63706\/revisions\/63708"}],"wp:featuredmedia":[{"embeddable":true,"href":"https:\/\/encuentroinformativo.com.mx\/index.php?rest_route=\/wp\/v2\/media\/63707"}],"wp:attachment":[{"href":"https:\/\/encuentroinformativo.com.mx\/index.php?rest_route=%2Fwp%2Fv2%2Fmedia&parent=63706"}],"wp:term":[{"taxonomy":"category","embeddable":true,"href":"https:\/\/encuentroinformativo.com.mx\/index.php?rest_route=%2Fwp%2Fv2%2Fcategories&post=63706"},{"taxonomy":"post_tag","embeddable":true,"href":"https:\/\/encuentroinformativo.com.mx\/index.php?rest_route=%2Fwp%2Fv2%2Ftags&post=63706"}],"curies":[{"name":"wp","href":"https:\/\/api.w.org\/{rel}","templated":true}]}}