{"id":63745,"date":"2025-02-15T18:16:02","date_gmt":"2025-02-16T00:16:02","guid":{"rendered":"https:\/\/encuentroinformativo.com.mx\/?p=63745"},"modified":"2025-02-15T18:16:02","modified_gmt":"2025-02-16T00:16:02","slug":"estadisticas-de-menores-embarazadas-no-disminuyen-senala-equifonia","status":"publish","type":"post","link":"https:\/\/encuentroinformativo.com.mx\/?p=63745","title":{"rendered":"Estad\u00edsticas de menores embarazadas no disminuyen, se\u00f1ala Equifon\u00eda"},"content":{"rendered":"<p><strong style=\"font-size: 1rem;\">Dar\u00edo Pale<\/strong><\/p>\n<p>Xalapa, Ver.- Adriana Fuentes Coordinadora General de Equifon\u00eda, se\u00f1al\u00f3 que desafortunadamente los n\u00fameros de menores embarazadas no disminuyen como deber\u00eda de ser, al igual que el embarazo en adolescentes.<\/p>\n<p>En entrevista coment\u00f3 que desde el 2018 hasta esta fecha cuentan con una campa\u00f1a titulada \u201cprotejamos a las ni\u00f1as, erradiquemos el embarazo infantil\u201d, en los \u00faltimos meses de trabajo han estado realizando<\/p>\n<p>\u201cLo que sucedi\u00f3 fue justo una agresi\u00f3n sexual en contra de ella y lo que habiamos compartido de que se queria intentar un juicio abreviado, esto afortunadamente ya no fue, se detuvo y el juicio continua\u201d, se\u00f1al\u00f3.<\/p>\n<p>\u201cEntonces qu\u00e9 es lo que est\u00e1 pasando, que hemos trabajado a su vez con casos espec\u00edficos con acompa\u00f1amientos a ni\u00f1as, adolescentes v\u00edctimas de violencia sexual con o sin diagnostico de embaraz\u00f3 y tambien con campa\u00f1as en donde se alfabetice y se pueda conocer cual es el impacto en las vidas no solamente de las ni\u00f1as y los adolescentes como son nuestra poblacion si no tambien acompa\u00f1a a las familias, pap\u00e1s y mam\u00e1s para poder construir lugares seguros\u201d, agreg\u00f3.<\/p>\n<p>Por lo anterior dijo que es importante que conozcan los factores de riesgo en las ni\u00f1as y c\u00f3mo identificar los factores para detectar, identificar y proceder con las denuncias correspondientes.<\/p>\n<p>Dijo que desafortunadamente los n\u00fameros de menores embarazadas no disminuyen como deber\u00eda de ser a pesar de que tienen un marco normativo que protege a las ni\u00f1as y a las adolescentes pero a pesar de todo ha disminuido muy poco la cifra.<\/p>\n<p>Deben de erradicar el embarazo infantil hacia el 2030, ese es el compromiso del estado mexicano y disminuir en un 50 por ciento el embarazo adolescente, este \u00faltimo es otro tema en el cual est\u00e1n trabajando en las diferentes campa\u00f1as que est\u00e1n realizando.<\/p>\n<p>Finalmente se\u00f1al\u00f3 que est\u00e1n realizando encuentros y est\u00e1n invitadas para participar en el Plan Veracruzano de Desarrollo (PVD), y tambi\u00e9n van a hacer llegar sus propuestas para que se aborden precisamente las problem\u00e1ticas desde los principios del inter\u00e9s de la ni\u00f1ez, el libre desarrollo de la personalidad y el poder saber cuales son las instituciones para su atenci\u00f3n y que les den apoyo.<\/p>\n","protected":false},"excerpt":{"rendered":"<p>Dar\u00edo Pale Xalapa, Ver.- Adriana Fuentes Coordinadora General de Equifon\u00eda, se\u00f1al\u00f3 que desafortunadamente los n\u00fameros de menores embarazadas no disminuyen como deber\u00eda de ser, al igual que el embarazo en adolescentes. En entrevista coment\u00f3 que desde el 2018 hasta esta fecha cuentan con una campa\u00f1a titulada \u201cprotejamos a las ni\u00f1as, erradiquemos el embarazo infantil\u201d, en [&hellip;]<\/p>\n","protected":false},"author":2476,"featured_media":63746,"comment_status":"open","ping_status":"open","sticky":false,"template":"","format":"standard","meta":{"_jetpack_memberships_contains_paid_content":false,"footnotes":""},"categories":[2],"tags":[],"class_list":["post-63745","post","type-post","status-publish","format-standard","has-post-thumbnail","hentry","category-estado"],"jetpack_featured_media_url":"https:\/\/encuentroinformativo.com.mx\/wp-content\/uploads\/2025\/02\/IMG-20250215-WA01232.jpg","jetpack_sharing_enabled":true,"jetpack_likes_enabled":true,"amp_enabled":true,"_links":{"self":[{"href":"https:\/\/encuentroinformativo.com.mx\/index.php?rest_route=\/wp\/v2\/posts\/63745","targetHints":{"allow":["GET"]}}],"collection":[{"href":"https:\/\/encuentroinformativo.com.mx\/index.php?rest_route=\/wp\/v2\/posts"}],"about":[{"href":"https:\/\/encuentroinformativo.com.mx\/index.php?rest_route=\/wp\/v2\/types\/post"}],"author":[{"embeddable":true,"href":"https:\/\/encuentroinformativo.com.mx\/index.php?rest_route=\/wp\/v2\/users\/2476"}],"replies":[{"embeddable":true,"href":"https:\/\/encuentroinformativo.com.mx\/index.php?rest_route=%2Fwp%2Fv2%2Fcomments&post=63745"}],"version-history":[{"count":1,"href":"https:\/\/encuentroinformativo.com.mx\/index.php?rest_route=\/wp\/v2\/posts\/63745\/revisions"}],"predecessor-version":[{"id":63747,"href":"https:\/\/encuentroinformativo.com.mx\/index.php?rest_route=\/wp\/v2\/posts\/63745\/revisions\/63747"}],"wp:featuredmedia":[{"embeddable":true,"href":"https:\/\/encuentroinformativo.com.mx\/index.php?rest_route=\/wp\/v2\/media\/63746"}],"wp:attachment":[{"href":"https:\/\/encuentroinformativo.com.mx\/index.php?rest_route=%2Fwp%2Fv2%2Fmedia&parent=63745"}],"wp:term":[{"taxonomy":"category","embeddable":true,"href":"https:\/\/encuentroinformativo.com.mx\/index.php?rest_route=%2Fwp%2Fv2%2Fcategories&post=63745"},{"taxonomy":"post_tag","embeddable":true,"href":"https:\/\/encuentroinformativo.com.mx\/index.php?rest_route=%2Fwp%2Fv2%2Ftags&post=63745"}],"curies":[{"name":"wp","href":"https:\/\/api.w.org\/{rel}","templated":true}]}}