{"id":63751,"date":"2025-02-15T21:56:16","date_gmt":"2025-02-16T03:56:16","guid":{"rendered":"https:\/\/encuentroinformativo.com.mx\/?p=63751"},"modified":"2025-02-15T21:56:16","modified_gmt":"2025-02-16T03:56:16","slug":"jorge-alvarez-maynez-respalda-a-veracruz-carbonell-de-la-hoz","status":"publish","type":"post","link":"https:\/\/encuentroinformativo.com.mx\/?p=63751","title":{"rendered":"Jorge \u00c1lvarez M\u00e1ynez respalda a Veracruz: Carbonell de la Hoz"},"content":{"rendered":"<p><strong style=\"font-size: 1rem;\">* Jo<span style=\"font-size: 1rem;\">rge \u00c1lvarez M\u00e1ynez, Mariano Romero y miles de papantecos mandaron un mensaje fuerte hoy. Papantla va a recuperar el rumbo de los buenos gobiernos.<\/span><\/strong><\/p>\n<p>Papantla, Ver.- Han sido muchas las regiones de Veracruz visitadas por el Coordinador Nacional de Movimiento Ciudadano Jorge \u00c1lvarez M\u00e1ynez; el mensaje es claro, Movimiento Ciudadano es una caja de resonancia para que la voz de millones de Veracruzanos sea escuchada.<\/p>\n<p>En un d\u00eda de mucha emoci\u00f3n, Jorge \u00c1lvarez M\u00e1ynez y Mariano Romero fueron arropados por miles de simpatizantes de Movimiento Ciudadano papantecos, donde se desbordaban los gritos de apoyo, voces pidiendo recuperar el rumbo de Papantla y todas las regiones.<\/p>\n<p>En el encuentro, \u201cDi\u00e1logos por Papantla\u201d, M\u00e1ynez y Mariano acompa\u00f1ados de Jos\u00e9 Manuel del R\u00edo Virgen, sostuvieron un encuentro para escuchar las necesidades de los papantecos, un encuentro lleno de ideas y rutas para hacerlas realidad; horas m\u00e1s tarde en el encuentro con miles de papantecos, se tuvo una respuesta inimaginable, un buen n\u00famero de ciudadanos acudieron a escucharlos.<\/p>\n<p>\u201cMovimiento Ciudadano ser\u00e1 el veh\u00edculo para que todos los municipios de Veracruz recuperen su futuro, es evidente, estoy seguro que vamos a ser la alternativa que le d\u00e9 a Veracruz el rumbo y destino hist\u00f3rico que merecemos, un Veracruz mejor en todos sus \u00f3rdenes\u201d: Luis Carbonell de la Hoz.<\/p>\n<p>El Coordinador Nacional de Movimiento Ciudadano no acudi\u00f3 solo a estos encuentros, lo acompa\u00f1aron el Secretario General de Acuerdos, Agust\u00edn Torres; el Secretario T\u00e9cnico de la Coordinaci\u00f3n Nacional, Benjam\u00edn Alamillo; la integrante de la Comisi\u00f3n Operativa Nacional, Julieta Mac\u00edas R\u00e1bago; los diputados Federales, Sergio Gil, Juan Zavala y Francisco Far\u00edas, as\u00ed como Mayra Amador diputada local suplente.<\/p>\n<p><img loading=\"lazy\" decoding=\"async\" class=\"alignnone size-medium wp-image-63753\" src=\"https:\/\/encuentroinformativo.com.mx\/wp-content\/uploads\/2025\/02\/IMG-20250215-WA0253-300x200.jpg\" alt=\"\" width=\"300\" height=\"200\" srcset=\"https:\/\/encuentroinformativo.com.mx\/wp-content\/uploads\/2025\/02\/IMG-20250215-WA0253-300x200.jpg 300w, https:\/\/encuentroinformativo.com.mx\/wp-content\/uploads\/2025\/02\/IMG-20250215-WA0253-1024x682.jpg 1024w, https:\/\/encuentroinformativo.com.mx\/wp-content\/uploads\/2025\/02\/IMG-20250215-WA0253-768x512.jpg 768w, https:\/\/encuentroinformativo.com.mx\/wp-content\/uploads\/2025\/02\/IMG-20250215-WA0253.jpg 1280w\" sizes=\"auto, (max-width: 300px) 100vw, 300px\" \/><\/p>\n<p><img loading=\"lazy\" decoding=\"async\" class=\"alignnone size-medium wp-image-63754\" src=\"https:\/\/encuentroinformativo.com.mx\/wp-content\/uploads\/2025\/02\/IMG-20250215-WA0255-300x200.jpg\" alt=\"\" width=\"300\" height=\"200\" srcset=\"https:\/\/encuentroinformativo.com.mx\/wp-content\/uploads\/2025\/02\/IMG-20250215-WA0255-300x200.jpg 300w, https:\/\/encuentroinformativo.com.mx\/wp-content\/uploads\/2025\/02\/IMG-20250215-WA0255-1024x682.jpg 1024w, https:\/\/encuentroinformativo.com.mx\/wp-content\/uploads\/2025\/02\/IMG-20250215-WA0255-768x512.jpg 768w, https:\/\/encuentroinformativo.com.mx\/wp-content\/uploads\/2025\/02\/IMG-20250215-WA0255.jpg 1280w\" sizes=\"auto, (max-width: 300px) 100vw, 300px\" \/><\/p>\n","protected":false},"excerpt":{"rendered":"<p>* Jorge \u00c1lvarez M\u00e1ynez, Mariano Romero y miles de papantecos mandaron un mensaje fuerte hoy. Papantla va a recuperar el rumbo de los buenos gobiernos. Papantla, Ver.- Han sido muchas las regiones de Veracruz visitadas por el Coordinador Nacional de Movimiento Ciudadano Jorge \u00c1lvarez M\u00e1ynez; el mensaje es claro, Movimiento Ciudadano es una caja de [&hellip;]<\/p>\n","protected":false},"author":2476,"featured_media":63752,"comment_status":"open","ping_status":"open","sticky":false,"template":"","format":"standard","meta":{"_jetpack_memberships_contains_paid_content":false,"footnotes":""},"categories":[2],"tags":[],"class_list":["post-63751","post","type-post","status-publish","format-standard","has-post-thumbnail","hentry","category-estado"],"jetpack_featured_media_url":"https:\/\/encuentroinformativo.com.mx\/wp-content\/uploads\/2025\/02\/IMG-20250215-WA0252.jpg","jetpack_sharing_enabled":true,"jetpack_likes_enabled":true,"amp_enabled":true,"_links":{"self":[{"href":"https:\/\/encuentroinformativo.com.mx\/index.php?rest_route=\/wp\/v2\/posts\/63751","targetHints":{"allow":["GET"]}}],"collection":[{"href":"https:\/\/encuentroinformativo.com.mx\/index.php?rest_route=\/wp\/v2\/posts"}],"about":[{"href":"https:\/\/encuentroinformativo.com.mx\/index.php?rest_route=\/wp\/v2\/types\/post"}],"author":[{"embeddable":true,"href":"https:\/\/encuentroinformativo.com.mx\/index.php?rest_route=\/wp\/v2\/users\/2476"}],"replies":[{"embeddable":true,"href":"https:\/\/encuentroinformativo.com.mx\/index.php?rest_route=%2Fwp%2Fv2%2Fcomments&post=63751"}],"version-history":[{"count":1,"href":"https:\/\/encuentroinformativo.com.mx\/index.php?rest_route=\/wp\/v2\/posts\/63751\/revisions"}],"predecessor-version":[{"id":63755,"href":"https:\/\/encuentroinformativo.com.mx\/index.php?rest_route=\/wp\/v2\/posts\/63751\/revisions\/63755"}],"wp:featuredmedia":[{"embeddable":true,"href":"https:\/\/encuentroinformativo.com.mx\/index.php?rest_route=\/wp\/v2\/media\/63752"}],"wp:attachment":[{"href":"https:\/\/encuentroinformativo.com.mx\/index.php?rest_route=%2Fwp%2Fv2%2Fmedia&parent=63751"}],"wp:term":[{"taxonomy":"category","embeddable":true,"href":"https:\/\/encuentroinformativo.com.mx\/index.php?rest_route=%2Fwp%2Fv2%2Fcategories&post=63751"},{"taxonomy":"post_tag","embeddable":true,"href":"https:\/\/encuentroinformativo.com.mx\/index.php?rest_route=%2Fwp%2Fv2%2Ftags&post=63751"}],"curies":[{"name":"wp","href":"https:\/\/api.w.org\/{rel}","templated":true}]}}