{"id":63756,"date":"2025-02-15T23:50:33","date_gmt":"2025-02-16T05:50:33","guid":{"rendered":"https:\/\/encuentroinformativo.com.mx\/?p=63756"},"modified":"2025-02-15T23:50:33","modified_gmt":"2025-02-16T05:50:33","slug":"por-amor-a-veracruz-la-transformacion-y-el-bienestar-estan-en-marcha-rocio-nahle","status":"publish","type":"post","link":"https:\/\/encuentroinformativo.com.mx\/?p=63756","title":{"rendered":"Por amor a Veracruz, la transformaci\u00f3n y el bienestar est\u00e1n en marcha: Roc\u00edo Nahle"},"content":{"rendered":"<p><strong><span style=\"font-size: 1rem;\">* Presidenta compromete rehabilitaci\u00f3n de la red carretera.<\/span><\/strong><\/p>\n<p><strong>*Gobierno del pueblo y para el pueblo, reiteran.<\/strong><\/p>\n<p>Guti\u00e9rrez Zamora, Ver.- &#8220;La transformaci\u00f3n avanza de la mano con el bienestar de los adultos mayores, las mujeres, la infancia, la educaci\u00f3n y la salud, porque es el principio que gu\u00eda nuestro movimiento&#8221;, celebr\u00f3 la gobernadora Roc\u00edo Nahle Garc\u00eda al recibir a la presidenta Claudia Sheinbaum Pardo.<\/p>\n<p>Durante la entrega de tarjetas del programa Pensi\u00f3n para el Bienestar de las Personas Adultas Mayores, la mandataria estatal destac\u00f3 la importancia de este encuentro, que da continuidad a la pol\u00edtica instaurada por el expresidente Andr\u00e9s Manuel L\u00f3pez Obrador y que ahora encabeza la primera mujer al frente del Ejecutivo federal.<\/p>\n<p>Nahle Garc\u00eda reiter\u00f3 el respaldo de Veracruz a la transformaci\u00f3n nacional con un mensaje de unidad: Amor con amor se paga y estaremos aqu\u00ed siempre, por amor a Veracruz.<\/p>\n<p>Por su parte, la Presidenta resalt\u00f3 el papel fundamental de Roc\u00edo Nahle en la consolidaci\u00f3n de la Cuarta Transformaci\u00f3n, reconoci\u00e9ndola como una mujer capaz, trabajadora, inteligente e incansable, con quien impulsar\u00e1 proyectos estrat\u00e9gicos para el desarrollo del estado.<\/p>\n<p>&#8220;Vamos a rehabilitar las petroqu\u00edmicas de Veracruz y de otras regiones del pa\u00eds con Pemex; adem\u00e1s, vamos a pavimentar todas las carreteras de Veracruz, todas&#8221;, afirm\u00f3.<\/p>\n<p>Ante cientos de personas reunidas en la Unidad Deportiva Benito Ju\u00e1rez, record\u00f3 que los programas sociales impulsados por el expresidente L\u00f3pez Obrador ya no son iniciativas de gobierno, sino derechos constitucionales que nadie podr\u00e1 arrebatar al pueblo de M\u00e9xico.<\/p>\n<p>Asimismo, destac\u00f3 los tres nuevos apoyos que su administraci\u00f3n ha implementado: Pensi\u00f3n Mujeres Bienestar, Beca Universal de Educaci\u00f3n B\u00e1sica Rita Cetina y Salud Casa por Casa, adem\u00e1s de la creaci\u00f3n de las Farmacias del Bienestar, donde adultos mayores y personas con discapacidad podr\u00e1n acceder a medicamentos gratuitos.<\/p>\n<p>Finalmente, reafirm\u00f3 su respaldo a Veracruz, asegurando que la transformaci\u00f3n avanza con unidad y justicia social, \u201cestamos unidos, pueblo y gobierno, y as\u00ed es imposible que nos detengan&#8221;, concluy\u00f3.<\/p>\n<p><img loading=\"lazy\" decoding=\"async\" class=\"alignnone size-medium wp-image-63758\" src=\"https:\/\/encuentroinformativo.com.mx\/wp-content\/uploads\/2025\/02\/IMG-20250215-WA0265-300x200.jpg\" alt=\"\" width=\"300\" height=\"200\" srcset=\"https:\/\/encuentroinformativo.com.mx\/wp-content\/uploads\/2025\/02\/IMG-20250215-WA0265-300x200.jpg 300w, https:\/\/encuentroinformativo.com.mx\/wp-content\/uploads\/2025\/02\/IMG-20250215-WA0265-1024x682.jpg 1024w, https:\/\/encuentroinformativo.com.mx\/wp-content\/uploads\/2025\/02\/IMG-20250215-WA0265-768x512.jpg 768w, https:\/\/encuentroinformativo.com.mx\/wp-content\/uploads\/2025\/02\/IMG-20250215-WA0265.jpg 1280w\" sizes=\"auto, (max-width: 300px) 100vw, 300px\" \/><\/p>\n","protected":false},"excerpt":{"rendered":"<p>* Presidenta compromete rehabilitaci\u00f3n de la red carretera. *Gobierno del pueblo y para el pueblo, reiteran. Guti\u00e9rrez Zamora, Ver.- &#8220;La transformaci\u00f3n avanza de la mano con el bienestar de los adultos mayores, las mujeres, la infancia, la educaci\u00f3n y la salud, porque es el principio que gu\u00eda nuestro movimiento&#8221;, celebr\u00f3 la gobernadora Roc\u00edo Nahle Garc\u00eda [&hellip;]<\/p>\n","protected":false},"author":2476,"featured_media":63757,"comment_status":"open","ping_status":"open","sticky":false,"template":"","format":"standard","meta":{"_jetpack_memberships_contains_paid_content":false,"footnotes":""},"categories":[2],"tags":[],"class_list":["post-63756","post","type-post","status-publish","format-standard","has-post-thumbnail","hentry","category-estado"],"jetpack_featured_media_url":"https:\/\/encuentroinformativo.com.mx\/wp-content\/uploads\/2025\/02\/IMG-20250215-WA0266.jpg","jetpack_sharing_enabled":true,"jetpack_likes_enabled":true,"amp_enabled":true,"_links":{"self":[{"href":"https:\/\/encuentroinformativo.com.mx\/index.php?rest_route=\/wp\/v2\/posts\/63756","targetHints":{"allow":["GET"]}}],"collection":[{"href":"https:\/\/encuentroinformativo.com.mx\/index.php?rest_route=\/wp\/v2\/posts"}],"about":[{"href":"https:\/\/encuentroinformativo.com.mx\/index.php?rest_route=\/wp\/v2\/types\/post"}],"author":[{"embeddable":true,"href":"https:\/\/encuentroinformativo.com.mx\/index.php?rest_route=\/wp\/v2\/users\/2476"}],"replies":[{"embeddable":true,"href":"https:\/\/encuentroinformativo.com.mx\/index.php?rest_route=%2Fwp%2Fv2%2Fcomments&post=63756"}],"version-history":[{"count":2,"href":"https:\/\/encuentroinformativo.com.mx\/index.php?rest_route=\/wp\/v2\/posts\/63756\/revisions"}],"predecessor-version":[{"id":63760,"href":"https:\/\/encuentroinformativo.com.mx\/index.php?rest_route=\/wp\/v2\/posts\/63756\/revisions\/63760"}],"wp:featuredmedia":[{"embeddable":true,"href":"https:\/\/encuentroinformativo.com.mx\/index.php?rest_route=\/wp\/v2\/media\/63757"}],"wp:attachment":[{"href":"https:\/\/encuentroinformativo.com.mx\/index.php?rest_route=%2Fwp%2Fv2%2Fmedia&parent=63756"}],"wp:term":[{"taxonomy":"category","embeddable":true,"href":"https:\/\/encuentroinformativo.com.mx\/index.php?rest_route=%2Fwp%2Fv2%2Fcategories&post=63756"},{"taxonomy":"post_tag","embeddable":true,"href":"https:\/\/encuentroinformativo.com.mx\/index.php?rest_route=%2Fwp%2Fv2%2Ftags&post=63756"}],"curies":[{"name":"wp","href":"https:\/\/api.w.org\/{rel}","templated":true}]}}