{"id":63775,"date":"2025-02-17T10:03:04","date_gmt":"2025-02-17T16:03:04","guid":{"rendered":"https:\/\/encuentroinformativo.com.mx\/?p=63775"},"modified":"2025-02-17T10:03:04","modified_gmt":"2025-02-17T16:03:04","slug":"trabajadores-de-ex-tabacalera-acusan-despojo-de-terrenos-en-alamo","status":"publish","type":"post","link":"https:\/\/encuentroinformativo.com.mx\/?p=63775","title":{"rendered":"Trabajadores de ex tabacalera acusan despojo de terrenos en \u00c1lamo"},"content":{"rendered":"<p><strong><span style=\"font-size: 1rem;\">Dar\u00edo Pale<\/span><\/strong><\/p>\n<p>Xalapa, Ver.- El\u00edseo Garces Herrera representante legal de los trabajadores de la ex tabacalera en \u00c1lamo, se manifestaron para solicitar el apoyo de la gobernadora ya que fueron despojados de sus terrenos por los 400 pueblos y las autoridades no han actuado, pareciera que los est\u00e1n protegiendo.<\/p>\n<p>En entrevista se\u00f1al\u00f3 que vienen decididos a manifestarse ya que vienen a ver la problem\u00e1tica de unos terrenos sobre una tabacalera en \u00c1lamo Veracruz ya que fueron despojados por un grupo disidente y a pesar de que tienen la resoluci\u00f3n de un Juez tienen parados los tr\u00e1mites legales.<\/p>\n<p>Dijo que las autoridades correspondientes no est\u00e1n dando respuesta, por lo que molestos y cansados los habitantes de estar tocando las puertas de las instancias judiciales decidieron venir a manifestarse con la gobernadora Roc\u00edo Nahle para que los atiendan.<\/p>\n<p>Fueron desalojados por el grupo denominado los 400 pueblos, son quienes despojaron a las personas con lujo de violencia a pesar de que no les asiste la raz\u00f3n y con las escrituras ellas pueden acreditar la propiedad de los bienes inmuebles.<\/p>\n<p>Son m\u00e1s de cien personas afectadas, y les est\u00e1n afectando los proyectos productivos que ten\u00edan en esos terrenos, actualmente ya no se dedican a la cosecha de tabaco, son productores de c\u00edtricos y estaban manejando proyectos productivos para darle un valor agregado a su fruta por lo que las p\u00e9rdidas han sido considerables.<\/p>\n<p>\u201cEl resolutivo legal lo tenemos ya desde hace tres a\u00f1os, el tema legal que se ha ventilado en el juzgado civil con cabecera distrital en Tuxpan es desde el 2016, ya tiene bastante tiempo, hace tres a\u00f1os el juzgado nos dio posesi\u00f3n legal de los inmuebles y fue ah\u00ed donde el grupo de los 400 pueblos con lujo de violencia tomaron las oficinas y agredieron a nuestra gente\u201d, se\u00f1al\u00f3.<\/p>\n<p>Por su parte Victoriano Garrido Ruiz quien es uno de los afectados coment\u00f3 que, a varios de sus compa\u00f1eros los golpearon, a unos les quebraron los brazos y los trataron muy mal y hasta el momento no hay justicia para ellos.<\/p>\n<p>Finalmente coment\u00f3 que, la mayor\u00eda de las personas ya son grandes, y piensa que los de los 400 pueblos tienen \u201cmuchas palancas\u201d, con las autoridades ya que no han hecho nada y ellos que tienen la raz\u00f3n contin\u00faan luchando, tienen casi 13 a\u00f1os con esta lucha.<\/p>\n<p><img loading=\"lazy\" decoding=\"async\" class=\"alignnone size-medium wp-image-63777\" src=\"https:\/\/encuentroinformativo.com.mx\/wp-content\/uploads\/2025\/02\/IMG-20250217-WA0045-300x160.jpg\" alt=\"\" width=\"300\" height=\"160\" srcset=\"https:\/\/encuentroinformativo.com.mx\/wp-content\/uploads\/2025\/02\/IMG-20250217-WA0045-300x160.jpg 300w, https:\/\/encuentroinformativo.com.mx\/wp-content\/uploads\/2025\/02\/IMG-20250217-WA0045-1024x545.jpg 1024w, https:\/\/encuentroinformativo.com.mx\/wp-content\/uploads\/2025\/02\/IMG-20250217-WA0045-768x409.jpg 768w, https:\/\/encuentroinformativo.com.mx\/wp-content\/uploads\/2025\/02\/IMG-20250217-WA0045-1210x642.jpg 1210w, https:\/\/encuentroinformativo.com.mx\/wp-content\/uploads\/2025\/02\/IMG-20250217-WA0045.jpg 1280w\" sizes=\"auto, (max-width: 300px) 100vw, 300px\" \/><\/p>\n","protected":false},"excerpt":{"rendered":"<p>Dar\u00edo Pale Xalapa, Ver.- El\u00edseo Garces Herrera representante legal de los trabajadores de la ex tabacalera en \u00c1lamo, se manifestaron para solicitar el apoyo de la gobernadora ya que fueron despojados de sus terrenos por los 400 pueblos y las autoridades no han actuado, pareciera que los est\u00e1n protegiendo. En entrevista se\u00f1al\u00f3 que vienen decididos [&hellip;]<\/p>\n","protected":false},"author":2476,"featured_media":63776,"comment_status":"open","ping_status":"open","sticky":false,"template":"","format":"standard","meta":{"_jetpack_memberships_contains_paid_content":false,"footnotes":""},"categories":[2],"tags":[],"class_list":["post-63775","post","type-post","status-publish","format-standard","has-post-thumbnail","hentry","category-estado"],"jetpack_featured_media_url":"https:\/\/encuentroinformativo.com.mx\/wp-content\/uploads\/2025\/02\/IMG-20250217-WA0050.jpg","jetpack_sharing_enabled":true,"jetpack_likes_enabled":true,"amp_enabled":true,"_links":{"self":[{"href":"https:\/\/encuentroinformativo.com.mx\/index.php?rest_route=\/wp\/v2\/posts\/63775","targetHints":{"allow":["GET"]}}],"collection":[{"href":"https:\/\/encuentroinformativo.com.mx\/index.php?rest_route=\/wp\/v2\/posts"}],"about":[{"href":"https:\/\/encuentroinformativo.com.mx\/index.php?rest_route=\/wp\/v2\/types\/post"}],"author":[{"embeddable":true,"href":"https:\/\/encuentroinformativo.com.mx\/index.php?rest_route=\/wp\/v2\/users\/2476"}],"replies":[{"embeddable":true,"href":"https:\/\/encuentroinformativo.com.mx\/index.php?rest_route=%2Fwp%2Fv2%2Fcomments&post=63775"}],"version-history":[{"count":2,"href":"https:\/\/encuentroinformativo.com.mx\/index.php?rest_route=\/wp\/v2\/posts\/63775\/revisions"}],"predecessor-version":[{"id":63779,"href":"https:\/\/encuentroinformativo.com.mx\/index.php?rest_route=\/wp\/v2\/posts\/63775\/revisions\/63779"}],"wp:featuredmedia":[{"embeddable":true,"href":"https:\/\/encuentroinformativo.com.mx\/index.php?rest_route=\/wp\/v2\/media\/63776"}],"wp:attachment":[{"href":"https:\/\/encuentroinformativo.com.mx\/index.php?rest_route=%2Fwp%2Fv2%2Fmedia&parent=63775"}],"wp:term":[{"taxonomy":"category","embeddable":true,"href":"https:\/\/encuentroinformativo.com.mx\/index.php?rest_route=%2Fwp%2Fv2%2Fcategories&post=63775"},{"taxonomy":"post_tag","embeddable":true,"href":"https:\/\/encuentroinformativo.com.mx\/index.php?rest_route=%2Fwp%2Fv2%2Ftags&post=63775"}],"curies":[{"name":"wp","href":"https:\/\/api.w.org\/{rel}","templated":true}]}}