{"id":63783,"date":"2025-02-17T12:26:25","date_gmt":"2025-02-17T18:26:25","guid":{"rendered":"https:\/\/encuentroinformativo.com.mx\/?p=63783"},"modified":"2025-02-17T12:26:25","modified_gmt":"2025-02-17T18:26:25","slug":"fallece-paquita-la-del-barrio","status":"publish","type":"post","link":"https:\/\/encuentroinformativo.com.mx\/?p=63783","title":{"rendered":"Fallece Paquita la del Barrio"},"content":{"rendered":"<p><strong>Redacci\u00f3n<\/strong><\/p>\n<p>Xalapa, Ver.- A trav\u00e9s de redes sociales oficiales se dio a conocer el deceso de la cantante veracruzana Paquita la del Barrio.<\/p>\n<p>\u201cCon profundo dolor y tristeza, confirmamos el sensible fallecimiento de nuestra querida Paquita la del Barrio, en su hogar en Veracruz, siendo una artista \u00fanica e irrepetible que nos dejara una huella imborrable en el coraz\u00f3n de todos los que los conocimientos y disfrutamos su m\u00fasica\u201d, se lee en el breve comunicado.<\/p>\n<p>En el mismo familiares y amigos piden el respeto de los medios de comunicaci\u00f3n ante los momentos de dolor que atraviesan por la irreparable p\u00e9rdida.<\/p>\n<p>Las expresiones de integrantes del medio del espect\u00e1culo no se han dejado esperar, destacando la trayectoria de la legendaria cantante que hizo frases tradicionales como \u201cMe estas oyendo in\u00fatil\u201d o \u201cRata de dos patas\u201d.<\/p>\n<p>Paquita la del Barrio era originaria de Alto Lucero, Veracruz.<\/p>\n<p><img loading=\"lazy\" decoding=\"async\" class=\"alignnone size-medium wp-image-63785\" src=\"https:\/\/encuentroinformativo.com.mx\/wp-content\/uploads\/2025\/02\/Screenshot_20250217-115833-300x216.png\" alt=\"\" width=\"300\" height=\"216\" srcset=\"https:\/\/encuentroinformativo.com.mx\/wp-content\/uploads\/2025\/02\/Screenshot_20250217-115833-300x216.png 300w, https:\/\/encuentroinformativo.com.mx\/wp-content\/uploads\/2025\/02\/Screenshot_20250217-115833-1024x736.png 1024w, https:\/\/encuentroinformativo.com.mx\/wp-content\/uploads\/2025\/02\/Screenshot_20250217-115833-768x552.png 768w, https:\/\/encuentroinformativo.com.mx\/wp-content\/uploads\/2025\/02\/Screenshot_20250217-115833.png 1080w\" sizes=\"auto, (max-width: 300px) 100vw, 300px\" \/><\/p>\n","protected":false},"excerpt":{"rendered":"<p>Redacci\u00f3n Xalapa, Ver.- A trav\u00e9s de redes sociales oficiales se dio a conocer el deceso de la cantante veracruzana Paquita la del Barrio. \u201cCon profundo dolor y tristeza, confirmamos el sensible fallecimiento de nuestra querida Paquita la del Barrio, en su hogar en Veracruz, siendo una artista \u00fanica e irrepetible que nos dejara una huella [&hellip;]<\/p>\n","protected":false},"author":2476,"featured_media":63784,"comment_status":"open","ping_status":"open","sticky":false,"template":"","format":"standard","meta":{"_jetpack_memberships_contains_paid_content":false,"footnotes":""},"categories":[2,12],"tags":[],"class_list":["post-63783","post","type-post","status-publish","format-standard","has-post-thumbnail","hentry","category-estado","category-nacional"],"jetpack_featured_media_url":"https:\/\/encuentroinformativo.com.mx\/wp-content\/uploads\/2025\/02\/FB_IMG_1739815149810.jpg","jetpack_sharing_enabled":true,"jetpack_likes_enabled":true,"amp_enabled":true,"_links":{"self":[{"href":"https:\/\/encuentroinformativo.com.mx\/index.php?rest_route=\/wp\/v2\/posts\/63783","targetHints":{"allow":["GET"]}}],"collection":[{"href":"https:\/\/encuentroinformativo.com.mx\/index.php?rest_route=\/wp\/v2\/posts"}],"about":[{"href":"https:\/\/encuentroinformativo.com.mx\/index.php?rest_route=\/wp\/v2\/types\/post"}],"author":[{"embeddable":true,"href":"https:\/\/encuentroinformativo.com.mx\/index.php?rest_route=\/wp\/v2\/users\/2476"}],"replies":[{"embeddable":true,"href":"https:\/\/encuentroinformativo.com.mx\/index.php?rest_route=%2Fwp%2Fv2%2Fcomments&post=63783"}],"version-history":[{"count":1,"href":"https:\/\/encuentroinformativo.com.mx\/index.php?rest_route=\/wp\/v2\/posts\/63783\/revisions"}],"predecessor-version":[{"id":63786,"href":"https:\/\/encuentroinformativo.com.mx\/index.php?rest_route=\/wp\/v2\/posts\/63783\/revisions\/63786"}],"wp:featuredmedia":[{"embeddable":true,"href":"https:\/\/encuentroinformativo.com.mx\/index.php?rest_route=\/wp\/v2\/media\/63784"}],"wp:attachment":[{"href":"https:\/\/encuentroinformativo.com.mx\/index.php?rest_route=%2Fwp%2Fv2%2Fmedia&parent=63783"}],"wp:term":[{"taxonomy":"category","embeddable":true,"href":"https:\/\/encuentroinformativo.com.mx\/index.php?rest_route=%2Fwp%2Fv2%2Fcategories&post=63783"},{"taxonomy":"post_tag","embeddable":true,"href":"https:\/\/encuentroinformativo.com.mx\/index.php?rest_route=%2Fwp%2Fv2%2Ftags&post=63783"}],"curies":[{"name":"wp","href":"https:\/\/api.w.org\/{rel}","templated":true}]}}