{"id":6379,"date":"2020-10-01T10:23:25","date_gmt":"2020-10-01T15:23:25","guid":{"rendered":"https:\/\/encuentroinformativo.com.mx\/?p=6379"},"modified":"2020-10-01T10:23:28","modified_gmt":"2020-10-01T15:23:28","slug":"reprochan-organizaciones-recorte-presupuestal-al-campo","status":"publish","type":"post","link":"https:\/\/encuentroinformativo.com.mx\/?p=6379","title":{"rendered":"Reprochan organizaciones recorte presupuestal al campo"},"content":{"rendered":"\n<p><strong>Dar\u00edo Pale <\/strong><\/p>\n\n\n\n<p>Xalapa, Ver.- Ernesto Medel, dirigente del Movimiento Campesino &#8216;Alfredo B. Bonfil&#8217;, dio a conocer que el Gobierno Federal aplicar\u00e1 a partir de 2021 un recorte al presupuesto al campo, a raz\u00f3n de que solo recibir\u00e1 78 centavos de cada 100 pesos del gasto federal.<\/p>\n\n\n\n<p>En conferencia de prensa realizada en conocido caf\u00e9 del centro de Xalapa, acompa\u00f1ado de los dirigentes de la Alianza Nacional de Trabajadores, Leoncio Hern\u00e1ndez Castro; Manuel Guti\u00e9rrez P\u00e9rez de la Alianza Mexicana para el Campo; Cuauht\u00e9moc Garc\u00eda Hern\u00e1ndez de la Coordinadora Campesina Independiente; Daniel Guevara Ortiz, de la Coalici\u00f3n de Organizaciones Democr\u00e1tas, Urbanas y Campesinas de Veracruz; Antonio Castillo S\u00e1nchez, del Consejo de Organizaciones, Empresas Campesinas y Cafetaleras de Veracruz; Jos\u00e9 Paul Baez Castillo, de &#8216;Un campo democratizado A.C.&#8217; y Joaqu\u00edn Humberto Quiroz de Vanguardia Veracruzana.<\/p>\n\n\n\n<p>Dio a conocer que dentro de los recursos etiquetados al campo, el Programa Especial Concurrente disminuye en 4 mil 995 millones de pesos; equivalente a 1.5 por ciento de diferencia, al pasar de 339 mil millones a 34 mil millones.<\/p>\n\n\n\n<p>Dijo que el caso de la Secretar\u00eda de Agricultura y Desarrollo Rural (Sader) aumenta presupuesto en mil 795 millones de pesos, esto es 3.6 por ciento, esto \u00a0es, que por cada 100 pesos del presupuesto de egresos de la Federaci\u00f3n, la Sader solo recibe 78 centavos, en promedio en 2019 recibi\u00f3 1.2 pesos por cada 100 pesos.<\/p>\n\n\n\n<p>&#8220;El 8 de septiembre el Ejecutivo Federal mand\u00f3 a la C\u00e1mara de Diputados el presupuesto de egresos e ingresos para el 2021 y ante ello, dirigentes de distintas organizaciones campesinas en el estado y con el respaldo del Congreso Agrario Permanente hacemos un llamado a tiempo para que se hagan las correcciones pertinentes&#8221;, se\u00f1alaron.<\/p>\n\n\n\n<p>Reproch\u00f3 adem\u00e1s la disparidad entre los apoyos, en el Sentido que los beneficiarios de Sembrando Vida reciben una aportaci\u00f3n de 5 mil pesos por mes, y los cafeticultores, de 5 mil pesos al a\u00f1o y los ca\u00f1eros, 7 mil pesos anuales.<\/p>\n\n\n\n<p>Adem\u00e1s critic\u00f3 la desaparici\u00f3n de la Financiera de Desarrollo Rural e igual la instituci\u00f3n nacional de seguros al campo, Agroasemex, &#8220;necesitamos un apoyo a la producci\u00f3n porque se est\u00e1n dando d\u00e1divas nada m\u00e1s y eso no ayuda a la producci\u00f3n en el campo; (&#8230;) el Gobernador y el Presidente dicen que tienen cerca de un mill\u00f3n 800 mil pesos de d\u00e1divas a la poblaci\u00f3n y los apoyos a la producci\u00f3n est\u00e1n disminuyendo&#8221;.<\/p>\n\n\n\n<p>Indic\u00f3 que las previsiones del Ejecutivo prev\u00e9n una recuperaci\u00f3n de la econom\u00eda en un 4.6 por ciento en 2021, adem\u00e1s fij\u00f3 un precio de 42 d\u00f3lares por barril de petr\u00f3leo, a una producci\u00f3n de 1.86 millones de barriles por d\u00eda.<\/p>\n\n\n\n<p>Al tiempo de calificar los par\u00e1metros de poco realistas, el dirigente campesino advirti\u00f3 que para 2021 se prev\u00e9 un egreso de 186 mil millones de pesos, y los mayores incrementos los recibir\u00e1n el Instituto Nacional Electoral y el Tribunal Electoral del Poder Judicial de la Federaci\u00f3n, as\u00ed como la Secretar\u00eda de la Defensa Nacional, la C\u00e1mara de Diputados, la Secretar\u00eda de Turismo y Petr\u00f3leos Mexicanos.<br>Abund\u00f3 que el presupuesto refleja que el campo &#8220;no es prioridad&#8221; para el Gobierno Federal y en dos a\u00f1os desaparecieron 17 programas del sector agropecuario, se recortaron 11, dejaron tres sin cambios, y solo 8 registran aumento y estos se refieren a transferencias monetarias a beneficiarios.<\/p>\n\n\n\n<p>En el caso del sector pecuario, el dirigente campesino prev\u00e9 una afectaci\u00f3n a 860 mil productores ganaderos y un impacto a 3.5 millones de familias dependientes de la cr\u00eda de animales.<\/p>\n\n\n\n<p>Por \u00faltimo dijo que dirigencias campesinos analizan recurrir a movilizaciones de resistencia y protesta contra los recortes al agro, &#8220;estamos haciendo un llamado a las dem\u00e1s agrupaciones campesinas para que nos articulemos y hagamos, como usted dice, un frente com\u00fan pero lo m\u00e1s r\u00e1pido posible&#8221;.<\/p>\n","protected":false},"excerpt":{"rendered":"<p>Dar\u00edo Pale Xalapa, Ver.- Ernesto Medel, dirigente del Movimiento Campesino &#8216;Alfredo B. Bonfil&#8217;, dio a conocer que el Gobierno Federal aplicar\u00e1 a partir de 2021 un recorte al presupuesto al campo, a raz\u00f3n de que solo recibir\u00e1 78 centavos de cada 100 pesos del gasto federal. En conferencia de prensa realizada en conocido caf\u00e9 del [&hellip;]<\/p>\n","protected":false},"author":1,"featured_media":6380,"comment_status":"open","ping_status":"open","sticky":false,"template":"","format":"standard","meta":{"_jetpack_memberships_contains_paid_content":false,"footnotes":""},"categories":[2],"tags":[],"class_list":["post-6379","post","type-post","status-publish","format-standard","has-post-thumbnail","hentry","category-estado"],"jetpack_featured_media_url":"https:\/\/encuentroinformativo.com.mx\/wp-content\/uploads\/2020\/10\/B33C634F-7E1B-4E90-91DE-E75D19E10BCF.jpeg","jetpack_sharing_enabled":true,"jetpack_likes_enabled":true,"amp_enabled":true,"_links":{"self":[{"href":"https:\/\/encuentroinformativo.com.mx\/index.php?rest_route=\/wp\/v2\/posts\/6379","targetHints":{"allow":["GET"]}}],"collection":[{"href":"https:\/\/encuentroinformativo.com.mx\/index.php?rest_route=\/wp\/v2\/posts"}],"about":[{"href":"https:\/\/encuentroinformativo.com.mx\/index.php?rest_route=\/wp\/v2\/types\/post"}],"author":[{"embeddable":true,"href":"https:\/\/encuentroinformativo.com.mx\/index.php?rest_route=\/wp\/v2\/users\/1"}],"replies":[{"embeddable":true,"href":"https:\/\/encuentroinformativo.com.mx\/index.php?rest_route=%2Fwp%2Fv2%2Fcomments&post=6379"}],"version-history":[{"count":1,"href":"https:\/\/encuentroinformativo.com.mx\/index.php?rest_route=\/wp\/v2\/posts\/6379\/revisions"}],"predecessor-version":[{"id":6381,"href":"https:\/\/encuentroinformativo.com.mx\/index.php?rest_route=\/wp\/v2\/posts\/6379\/revisions\/6381"}],"wp:featuredmedia":[{"embeddable":true,"href":"https:\/\/encuentroinformativo.com.mx\/index.php?rest_route=\/wp\/v2\/media\/6380"}],"wp:attachment":[{"href":"https:\/\/encuentroinformativo.com.mx\/index.php?rest_route=%2Fwp%2Fv2%2Fmedia&parent=6379"}],"wp:term":[{"taxonomy":"category","embeddable":true,"href":"https:\/\/encuentroinformativo.com.mx\/index.php?rest_route=%2Fwp%2Fv2%2Fcategories&post=6379"},{"taxonomy":"post_tag","embeddable":true,"href":"https:\/\/encuentroinformativo.com.mx\/index.php?rest_route=%2Fwp%2Fv2%2Ftags&post=6379"}],"curies":[{"name":"wp","href":"https:\/\/api.w.org\/{rel}","templated":true}]}}