{"id":63790,"date":"2025-02-17T13:24:32","date_gmt":"2025-02-17T19:24:32","guid":{"rendered":"https:\/\/encuentroinformativo.com.mx\/?p=63790"},"modified":"2025-02-17T13:24:32","modified_gmt":"2025-02-17T19:24:32","slug":"por-acosador-denuncian-a-taxista-en-alvarado","status":"publish","type":"post","link":"https:\/\/encuentroinformativo.com.mx\/?p=63790","title":{"rendered":"Por acosador, denuncian a taxista en Alvarado"},"content":{"rendered":"<p><strong style=\"font-size: 1rem;\">Alejandro \u00c1vila<\/strong><\/p>\n<p>Alvarado, Ver.- Tras los videos en redes sociales que se viralizaron la tarde de este domingo en la cabecera municipal de Alvarado, donde una mujer golpeaba a un taxista, la madre de la v\u00edctima, Rubicela Hern\u00e1ndez Le\u00f3n, se\u00f1al\u00f3 que una denuncia en la Fiscal\u00eda de Veracruz por el delito de acoso.<\/p>\n<p>La se\u00f1ora Rubicela qui\u00e9n se ve en algunos videos golpeando al taxista identificado como Ram\u00f3n, relato que su hija Mar\u00eda Fernanda, estudiante universitaria en el puerto de Veracruz, utiliza una unidad de taxi todas las ma\u00f1anas para poder llegar desde su hogar hacia el ADO de Alvarado.<\/p>\n<p>Hace unas semanas le informaron que el conductor que normalmente realizaba este trabajo tuvo un accidente por lo cual le iban a proporcionar a otro ruletero, el presunto acosador no esper\u00f3 mucho tiempo para pedirle el tel\u00e9fono a la joven bajo el argumento de qu\u00e9 necesitaba estar en contacto con ella para pasar a primera hora a recogerla en su vivienda ubicada en la colonia Lomas del Rosario.<\/p>\n<p>Despu\u00e9s de dejarla en la central de autobuses iniciaba con el acoso cibern\u00e9tico a trav\u00e9s de la aplicaci\u00f3n WhatsApp, donde se le insinuaba descaradamente a la joven qui\u00e9n despu\u00e9s de varios d\u00edas tuvo el valor de dec\u00edrselo a su madre ya que se sent\u00eda inc\u00f3moda; este domingo 16 de febrero la madre encontr\u00f3 al presunto acosador, lo encar\u00f3 y se le fue a golpes.<\/p>\n<p>A trav\u00e9s de las mismas redes sociales y grupos de <em>WhatsApp<\/em> varias mujeres han brindado su apoyo a la se\u00f1ora Rubicela y han informado que ellas tambi\u00e9n fueron v\u00edctimas del acoso de este sujeto, qui\u00e9n ser\u00e1 denunciado ante la Fiscal\u00eda de Veracruz, y se espera que las otras mujeres agredidas den su testimonio para respaldar los casos de acoso.<\/p>\n","protected":false},"excerpt":{"rendered":"<p>Alejandro \u00c1vila Alvarado, Ver.- Tras los videos en redes sociales que se viralizaron la tarde de este domingo en la cabecera municipal de Alvarado, donde una mujer golpeaba a un taxista, la madre de la v\u00edctima, Rubicela Hern\u00e1ndez Le\u00f3n, se\u00f1al\u00f3 que una denuncia en la Fiscal\u00eda de Veracruz por el delito de acoso. La se\u00f1ora [&hellip;]<\/p>\n","protected":false},"author":2476,"featured_media":63791,"comment_status":"open","ping_status":"open","sticky":false,"template":"","format":"standard","meta":{"_jetpack_memberships_contains_paid_content":false,"footnotes":""},"categories":[2],"tags":[],"class_list":["post-63790","post","type-post","status-publish","format-standard","has-post-thumbnail","hentry","category-estado"],"jetpack_featured_media_url":"https:\/\/encuentroinformativo.com.mx\/wp-content\/uploads\/2025\/02\/IMG-20250217-WA02182.jpg","jetpack_sharing_enabled":true,"jetpack_likes_enabled":true,"amp_enabled":true,"_links":{"self":[{"href":"https:\/\/encuentroinformativo.com.mx\/index.php?rest_route=\/wp\/v2\/posts\/63790","targetHints":{"allow":["GET"]}}],"collection":[{"href":"https:\/\/encuentroinformativo.com.mx\/index.php?rest_route=\/wp\/v2\/posts"}],"about":[{"href":"https:\/\/encuentroinformativo.com.mx\/index.php?rest_route=\/wp\/v2\/types\/post"}],"author":[{"embeddable":true,"href":"https:\/\/encuentroinformativo.com.mx\/index.php?rest_route=\/wp\/v2\/users\/2476"}],"replies":[{"embeddable":true,"href":"https:\/\/encuentroinformativo.com.mx\/index.php?rest_route=%2Fwp%2Fv2%2Fcomments&post=63790"}],"version-history":[{"count":1,"href":"https:\/\/encuentroinformativo.com.mx\/index.php?rest_route=\/wp\/v2\/posts\/63790\/revisions"}],"predecessor-version":[{"id":63792,"href":"https:\/\/encuentroinformativo.com.mx\/index.php?rest_route=\/wp\/v2\/posts\/63790\/revisions\/63792"}],"wp:featuredmedia":[{"embeddable":true,"href":"https:\/\/encuentroinformativo.com.mx\/index.php?rest_route=\/wp\/v2\/media\/63791"}],"wp:attachment":[{"href":"https:\/\/encuentroinformativo.com.mx\/index.php?rest_route=%2Fwp%2Fv2%2Fmedia&parent=63790"}],"wp:term":[{"taxonomy":"category","embeddable":true,"href":"https:\/\/encuentroinformativo.com.mx\/index.php?rest_route=%2Fwp%2Fv2%2Fcategories&post=63790"},{"taxonomy":"post_tag","embeddable":true,"href":"https:\/\/encuentroinformativo.com.mx\/index.php?rest_route=%2Fwp%2Fv2%2Ftags&post=63790"}],"curies":[{"name":"wp","href":"https:\/\/api.w.org\/{rel}","templated":true}]}}