{"id":63793,"date":"2025-02-17T14:01:48","date_gmt":"2025-02-17T20:01:48","guid":{"rendered":"https:\/\/encuentroinformativo.com.mx\/?p=63793"},"modified":"2025-02-17T14:01:48","modified_gmt":"2025-02-17T20:01:48","slug":"tec-de-veracruz-ofrecera-450-nuevas-plazas-para-estudiantes-universitarios","status":"publish","type":"post","link":"https:\/\/encuentroinformativo.com.mx\/?p=63793","title":{"rendered":"Tec de Veracruz ofrecer\u00e1 450 nuevas plazas para estudiantes universitarios"},"content":{"rendered":"<p><strong style=\"font-size: 1rem;\">Alejandro \u00c1vila<\/strong><\/p>\n<p>Veracruz, Ver.- El Instituto Tecnol\u00f3gico de Veracruz (ITVER) inaugurar\u00e1 en pr\u00f3ximas semanas un edificio con aulas educativas donde podr\u00e1 dar cabida a 450 nuevas plazas para j\u00f3venes universitarios.<\/p>\n<p>&#8220;Cerca de los 6 mil ya, en la pandemia bajamos pero ustedes saben el problema (&#8230;) se ha estado recuperando y y se va a recuperar m\u00e1s gracias al gobierno que nos est\u00e1 proporcionando un edificio que vamos a inaugurar pr\u00f3ximamente, aqu\u00ed enfrente, saliendo est\u00e1 el edificio, y ah\u00ed vamos a poder generar todav\u00eda 450 inscripciones de alumnos, hay dos carreras que estamos proponiendo que est\u00e1n en la autorizaci\u00f3n, para que no se quede ning\u00fan alumno sin escuela superior&#8221;, expres\u00f3, el director del ITVER, Marco Antonio Salgado Cervantes.<\/p>\n<p>El titular administrativo dijo que ya se encuentran trabajando con diversos bachilleratos, entre ellos el CETMAR, para que los j\u00f3venes puedan acudir al Instituto Tecnol\u00f3gico e irse adentrando en lo que son los estudios universitarios.<\/p>\n<p>Marco Antonio Salgado destac\u00f3 el trabajo realizado por los j\u00f3venes universitarios quienes en el ciclo escolar anterior ganaron el primer y segundo lugar en el concurso nacional Innovatec realizado en Puebla; adem\u00e1s, dijo que contin\u00faan trabajando en el proyecto &#8220;rober&#8221;, veh\u00edculo que ha sido aprobado por la NASA y que ya va en su cuarta generaci\u00f3n.<\/p>\n<p>Hace unos d\u00edas inici\u00f3 el nuevo ciclo escolar del Tecnol\u00f3gico de Veracruz, aunque este lunes 17 de febrero se dio el acto protocolario con invitados del Gobierno Federal, entre los que destac\u00f3 la diputada federal, Rosa Mar\u00eda Hern\u00e1ndez Espejo.<\/p>\n","protected":false},"excerpt":{"rendered":"<p>Alejandro \u00c1vila Veracruz, Ver.- El Instituto Tecnol\u00f3gico de Veracruz (ITVER) inaugurar\u00e1 en pr\u00f3ximas semanas un edificio con aulas educativas donde podr\u00e1 dar cabida a 450 nuevas plazas para j\u00f3venes universitarios. &#8220;Cerca de los 6 mil ya, en la pandemia bajamos pero ustedes saben el problema (&#8230;) se ha estado recuperando y y se va a [&hellip;]<\/p>\n","protected":false},"author":2476,"featured_media":63794,"comment_status":"open","ping_status":"open","sticky":false,"template":"","format":"standard","meta":{"_jetpack_memberships_contains_paid_content":false,"footnotes":""},"categories":[2],"tags":[],"class_list":["post-63793","post","type-post","status-publish","format-standard","has-post-thumbnail","hentry","category-estado"],"jetpack_featured_media_url":"https:\/\/encuentroinformativo.com.mx\/wp-content\/uploads\/2025\/02\/IMG-20250217-WA0232.jpg","jetpack_sharing_enabled":true,"jetpack_likes_enabled":true,"amp_enabled":true,"_links":{"self":[{"href":"https:\/\/encuentroinformativo.com.mx\/index.php?rest_route=\/wp\/v2\/posts\/63793","targetHints":{"allow":["GET"]}}],"collection":[{"href":"https:\/\/encuentroinformativo.com.mx\/index.php?rest_route=\/wp\/v2\/posts"}],"about":[{"href":"https:\/\/encuentroinformativo.com.mx\/index.php?rest_route=\/wp\/v2\/types\/post"}],"author":[{"embeddable":true,"href":"https:\/\/encuentroinformativo.com.mx\/index.php?rest_route=\/wp\/v2\/users\/2476"}],"replies":[{"embeddable":true,"href":"https:\/\/encuentroinformativo.com.mx\/index.php?rest_route=%2Fwp%2Fv2%2Fcomments&post=63793"}],"version-history":[{"count":1,"href":"https:\/\/encuentroinformativo.com.mx\/index.php?rest_route=\/wp\/v2\/posts\/63793\/revisions"}],"predecessor-version":[{"id":63795,"href":"https:\/\/encuentroinformativo.com.mx\/index.php?rest_route=\/wp\/v2\/posts\/63793\/revisions\/63795"}],"wp:featuredmedia":[{"embeddable":true,"href":"https:\/\/encuentroinformativo.com.mx\/index.php?rest_route=\/wp\/v2\/media\/63794"}],"wp:attachment":[{"href":"https:\/\/encuentroinformativo.com.mx\/index.php?rest_route=%2Fwp%2Fv2%2Fmedia&parent=63793"}],"wp:term":[{"taxonomy":"category","embeddable":true,"href":"https:\/\/encuentroinformativo.com.mx\/index.php?rest_route=%2Fwp%2Fv2%2Fcategories&post=63793"},{"taxonomy":"post_tag","embeddable":true,"href":"https:\/\/encuentroinformativo.com.mx\/index.php?rest_route=%2Fwp%2Fv2%2Ftags&post=63793"}],"curies":[{"name":"wp","href":"https:\/\/api.w.org\/{rel}","templated":true}]}}