{"id":63799,"date":"2025-02-17T10:17:38","date_gmt":"2025-02-17T16:17:38","guid":{"rendered":"https:\/\/encuentroinformativo.com.mx\/?p=63799"},"modified":"2025-02-17T14:19:28","modified_gmt":"2025-02-17T20:19:28","slug":"tlalixcoyan-refrenda-compromiso-con-equidad-de-genero-en-bodas-colectivas","status":"publish","type":"post","link":"https:\/\/encuentroinformativo.com.mx\/?p=63799","title":{"rendered":"Tlalixcoyan refrenda compromiso con equidad de g\u00e9nero en Bodas Colectivas"},"content":{"rendered":"<p><strong style=\"font-size: 1rem;\">Alejandro \u00c1vila<\/strong><\/p>\n<p>Tlalixcoyan, Ver.- En medio de una emotiva ceremonia, el Ayuntamiento de Tlalixcoyan, que preside la edil, Elvia Illescas Loyo, a trav\u00e9s del DIF Municipal y Registro Civil, legaliz\u00f3 la uni\u00f3n de decenas de parejas dentro de la campa\u00f1a \u201cBodas Colectivas 2025\u201d, en la sede del organismo asistencial, localizado en cabecera municipal.<\/p>\n<p>En el sitio, la alcaldesa destac\u00f3 la importancia del matrimonio dentro de la sociedad, pues cada nupcia contribuye al orden social, a la planeaci\u00f3n de programas sociales m\u00e1s justos y a tener una comunidad m\u00e1s fuerte.<\/p>\n<p>\u201cCon estas bodas colectivas, nuestro gobierno demuestra que seguimos disminuyendo desigualdades y asegurando que todos y todas puedan acceder a los mismos derechos. Porque si el amor no discrimina; el derecho al matrimonio tampoco deber\u00eda hacerlo\u201d, expres\u00f3 durante su mensaje a las parejas.<\/p>\n<p>Illescas Loyo reiter\u00f3 su compromiso con las familias de ese municipio, en especial, garantizando los derechos elementales de todas y todos, favoreciendo a la igualdad y generando entornos que brinden garant\u00edas de orden y justicia social.<\/p>\n<p>\u201cHoy, como presidenta municipal y representante de este gobierno, reafirmamos nuestro compromiso con la equidad de g\u00e9nero. Porque un matrimonio basado en el respeto y la igualdad siempre ser\u00e1 un matrimonio fuerte\u201d, dijo la presidenta municipal.<\/p>\n<p>En este acto, se ley\u00f3 el acta matrimonial, se entregaron actas a las y los contrayentes, con su respectivo regalo; se realiz\u00f3 el tradicional brindis; las novias y novios bailaron el vals nupcial, realizaron el corte del pastel, con la foto oficial, degustaron una deliciosa comida, todo ello, amenizado por la marimba Lira de Oro, haciendo pasar una linda velada a las nuevas parejas de esposas y esposos.<\/p>\n","protected":false},"excerpt":{"rendered":"<p>Alejandro \u00c1vila Tlalixcoyan, Ver.- En medio de una emotiva ceremonia, el Ayuntamiento de Tlalixcoyan, que preside la edil, Elvia Illescas Loyo, a trav\u00e9s del DIF Municipal y Registro Civil, legaliz\u00f3 la uni\u00f3n de decenas de parejas dentro de la campa\u00f1a \u201cBodas Colectivas 2025\u201d, en la sede del organismo asistencial, localizado en cabecera municipal. En el [&hellip;]<\/p>\n","protected":false},"author":2476,"featured_media":63800,"comment_status":"open","ping_status":"open","sticky":false,"template":"","format":"standard","meta":{"_jetpack_memberships_contains_paid_content":false,"footnotes":""},"categories":[2],"tags":[],"class_list":["post-63799","post","type-post","status-publish","format-standard","has-post-thumbnail","hentry","category-estado"],"jetpack_featured_media_url":"https:\/\/encuentroinformativo.com.mx\/wp-content\/uploads\/2025\/02\/IMG-20250217-WA0236.jpg","jetpack_sharing_enabled":true,"jetpack_likes_enabled":true,"amp_enabled":true,"_links":{"self":[{"href":"https:\/\/encuentroinformativo.com.mx\/index.php?rest_route=\/wp\/v2\/posts\/63799","targetHints":{"allow":["GET"]}}],"collection":[{"href":"https:\/\/encuentroinformativo.com.mx\/index.php?rest_route=\/wp\/v2\/posts"}],"about":[{"href":"https:\/\/encuentroinformativo.com.mx\/index.php?rest_route=\/wp\/v2\/types\/post"}],"author":[{"embeddable":true,"href":"https:\/\/encuentroinformativo.com.mx\/index.php?rest_route=\/wp\/v2\/users\/2476"}],"replies":[{"embeddable":true,"href":"https:\/\/encuentroinformativo.com.mx\/index.php?rest_route=%2Fwp%2Fv2%2Fcomments&post=63799"}],"version-history":[{"count":1,"href":"https:\/\/encuentroinformativo.com.mx\/index.php?rest_route=\/wp\/v2\/posts\/63799\/revisions"}],"predecessor-version":[{"id":63801,"href":"https:\/\/encuentroinformativo.com.mx\/index.php?rest_route=\/wp\/v2\/posts\/63799\/revisions\/63801"}],"wp:featuredmedia":[{"embeddable":true,"href":"https:\/\/encuentroinformativo.com.mx\/index.php?rest_route=\/wp\/v2\/media\/63800"}],"wp:attachment":[{"href":"https:\/\/encuentroinformativo.com.mx\/index.php?rest_route=%2Fwp%2Fv2%2Fmedia&parent=63799"}],"wp:term":[{"taxonomy":"category","embeddable":true,"href":"https:\/\/encuentroinformativo.com.mx\/index.php?rest_route=%2Fwp%2Fv2%2Fcategories&post=63799"},{"taxonomy":"post_tag","embeddable":true,"href":"https:\/\/encuentroinformativo.com.mx\/index.php?rest_route=%2Fwp%2Fv2%2Ftags&post=63799"}],"curies":[{"name":"wp","href":"https:\/\/api.w.org\/{rel}","templated":true}]}}