{"id":63802,"date":"2025-02-17T14:34:01","date_gmt":"2025-02-17T20:34:01","guid":{"rendered":"https:\/\/encuentroinformativo.com.mx\/?p=63802"},"modified":"2025-02-17T14:34:01","modified_gmt":"2025-02-17T20:34:01","slug":"recibira-teatro-metropolitan-a-junior-klan","status":"publish","type":"post","link":"https:\/\/encuentroinformativo.com.mx\/?p=63802","title":{"rendered":"Recibir\u00e1 Teatro Metropolitan a Junior Klan"},"content":{"rendered":"<p><strong style=\"font-size: 1rem;\">Alejandro \u00c1vila<\/strong><\/p>\n<p>Veracruz, Ver.- Junior Klan, &#8220;La Maravilla Musical de M\u00e9xico&#8221;, anuncia con orgullo su llegada a uno de los escenarios m\u00e1s emblem\u00e1ticos del pa\u00eds: el Teatro Metrop\u00f3litan de la Ciudad de M\u00e9xico.<\/p>\n<p>Con una trayectoria de m\u00e1s de cinco d\u00e9cadas llevando la cumbia tropical veracruzana a lo m\u00e1s alto, Junior Klan est\u00e1 listo para hacer historia en un show sin precedentes.<\/p>\n<p>Este espect\u00e1culo, titulado \u201cJunior Klan y su Flota\u201d, promete una producci\u00f3n de primer nivel, un recorrido por sus m\u00e1s grandes \u00e9xitos y una experiencia envolvente que har\u00e1 vibrar a todos los asistentes.<\/p>\n<p>Este sue\u00f1o se hace realidad gracias al clamor de miles de seguidores en la Ciudad y el Estado de M\u00e9xico, quienes han pedido incansablemente la presencia de la agrupaci\u00f3n en la capital. Ahora, Junior Klan responde con un concierto espectacular que fusionar\u00e1 tradici\u00f3n, energ\u00eda y el inconfundible ritmo tropical que ha conquistado generaciones.<\/p>\n<p>La fecha ser\u00e1 anunciada muy pronto, as\u00ed que mantente atento a las redes sociales oficiales de Junior Klan para ser parte de este momento hist\u00f3rico.<\/p>\n","protected":false},"excerpt":{"rendered":"<p>Alejandro \u00c1vila Veracruz, Ver.- Junior Klan, &#8220;La Maravilla Musical de M\u00e9xico&#8221;, anuncia con orgullo su llegada a uno de los escenarios m\u00e1s emblem\u00e1ticos del pa\u00eds: el Teatro Metrop\u00f3litan de la Ciudad de M\u00e9xico. Con una trayectoria de m\u00e1s de cinco d\u00e9cadas llevando la cumbia tropical veracruzana a lo m\u00e1s alto, Junior Klan est\u00e1 listo para [&hellip;]<\/p>\n","protected":false},"author":2476,"featured_media":63803,"comment_status":"open","ping_status":"open","sticky":false,"template":"","format":"standard","meta":{"_jetpack_memberships_contains_paid_content":false,"footnotes":""},"categories":[2],"tags":[],"class_list":["post-63802","post","type-post","status-publish","format-standard","has-post-thumbnail","hentry","category-estado"],"jetpack_featured_media_url":"https:\/\/encuentroinformativo.com.mx\/wp-content\/uploads\/2025\/02\/IMG-20250217-WA0254.jpg","jetpack_sharing_enabled":true,"jetpack_likes_enabled":true,"amp_enabled":true,"_links":{"self":[{"href":"https:\/\/encuentroinformativo.com.mx\/index.php?rest_route=\/wp\/v2\/posts\/63802","targetHints":{"allow":["GET"]}}],"collection":[{"href":"https:\/\/encuentroinformativo.com.mx\/index.php?rest_route=\/wp\/v2\/posts"}],"about":[{"href":"https:\/\/encuentroinformativo.com.mx\/index.php?rest_route=\/wp\/v2\/types\/post"}],"author":[{"embeddable":true,"href":"https:\/\/encuentroinformativo.com.mx\/index.php?rest_route=\/wp\/v2\/users\/2476"}],"replies":[{"embeddable":true,"href":"https:\/\/encuentroinformativo.com.mx\/index.php?rest_route=%2Fwp%2Fv2%2Fcomments&post=63802"}],"version-history":[{"count":1,"href":"https:\/\/encuentroinformativo.com.mx\/index.php?rest_route=\/wp\/v2\/posts\/63802\/revisions"}],"predecessor-version":[{"id":63804,"href":"https:\/\/encuentroinformativo.com.mx\/index.php?rest_route=\/wp\/v2\/posts\/63802\/revisions\/63804"}],"wp:featuredmedia":[{"embeddable":true,"href":"https:\/\/encuentroinformativo.com.mx\/index.php?rest_route=\/wp\/v2\/media\/63803"}],"wp:attachment":[{"href":"https:\/\/encuentroinformativo.com.mx\/index.php?rest_route=%2Fwp%2Fv2%2Fmedia&parent=63802"}],"wp:term":[{"taxonomy":"category","embeddable":true,"href":"https:\/\/encuentroinformativo.com.mx\/index.php?rest_route=%2Fwp%2Fv2%2Fcategories&post=63802"},{"taxonomy":"post_tag","embeddable":true,"href":"https:\/\/encuentroinformativo.com.mx\/index.php?rest_route=%2Fwp%2Fv2%2Ftags&post=63802"}],"curies":[{"name":"wp","href":"https:\/\/api.w.org\/{rel}","templated":true}]}}