{"id":63807,"date":"2025-02-17T14:49:33","date_gmt":"2025-02-17T20:49:33","guid":{"rendered":"https:\/\/encuentroinformativo.com.mx\/?p=63807"},"modified":"2025-02-17T14:49:33","modified_gmt":"2025-02-17T20:49:33","slug":"persecucion-policiaca-en-oluta-termina-con-dos-detenidos","status":"publish","type":"post","link":"https:\/\/encuentroinformativo.com.mx\/?p=63807","title":{"rendered":"Persecuci\u00f3n Polic\u00edaca en Oluta, termina con dos detenidos"},"content":{"rendered":"<p><strong style=\"font-size: 1rem;\">Jos\u00e9 Vargas<\/strong><\/p>\n<p>Oluta, Ver.- Un intenso operativo de seguridad se llev\u00f3 a cabo la tarde del domingo en el Barrio Segundo de este municipio, cuando elementos de la Secretar\u00eda de Seguridad P\u00fablica (SSP) y de la Secretar\u00eda de la Defensa Nacional (SEDENA) protagonizaron una persecuci\u00f3n contra dos sujetos que viajaban a bordo de una motocicleta.<\/p>\n<p>Seg\u00fan informes oficiales, los efectivos estatales y federales realizaban labores de vigilancia y prevenci\u00f3n del delito cuando le marcaron el alto a los motociclistas.<\/p>\n<p>Sin embargo, estos hicieron caso omiso y emprendieron la huida, iniciando as\u00ed una persecuci\u00f3n por varias calles de la zona.<\/p>\n<p>Las patrullas de seguridad avanzaban a toda velocidad tras los sospechosos, lo que gener\u00f3 alerta entre los vecinos. Fue en la calle Manuel R. Guti\u00e9rrez donde los ocupantes de la motocicleta perdieron el control y derraparon, momento en el que fueron alcanzados y sometidos por las fuerzas del orden.<\/p>\n<p>Tras su detenci\u00f3n, los individuos fueron asegurados junto con la motocicleta y trasladados ante la Fiscal\u00eda General del Estado (FGE), donde se determinar\u00e1 su situaci\u00f3n legal y el motivo por el cual intentaron evadir a las autoridades.<\/p>\n<p>Las autoridades contin\u00faan con las investigaciones para esclarecer si los detenidos estaban involucrados en alguna actividad delictiva.<\/p>\n","protected":false},"excerpt":{"rendered":"<p>Jos\u00e9 Vargas Oluta, Ver.- Un intenso operativo de seguridad se llev\u00f3 a cabo la tarde del domingo en el Barrio Segundo de este municipio, cuando elementos de la Secretar\u00eda de Seguridad P\u00fablica (SSP) y de la Secretar\u00eda de la Defensa Nacional (SEDENA) protagonizaron una persecuci\u00f3n contra dos sujetos que viajaban a bordo de una motocicleta. [&hellip;]<\/p>\n","protected":false},"author":2476,"featured_media":63808,"comment_status":"open","ping_status":"open","sticky":false,"template":"","format":"standard","meta":{"_jetpack_memberships_contains_paid_content":false,"footnotes":""},"categories":[14],"tags":[],"class_list":["post-63807","post","type-post","status-publish","format-standard","has-post-thumbnail","hentry","category-policiaca"],"jetpack_featured_media_url":"https:\/\/encuentroinformativo.com.mx\/wp-content\/uploads\/2025\/02\/Photo_17398252354722.jpg","jetpack_sharing_enabled":true,"jetpack_likes_enabled":true,"amp_enabled":true,"_links":{"self":[{"href":"https:\/\/encuentroinformativo.com.mx\/index.php?rest_route=\/wp\/v2\/posts\/63807","targetHints":{"allow":["GET"]}}],"collection":[{"href":"https:\/\/encuentroinformativo.com.mx\/index.php?rest_route=\/wp\/v2\/posts"}],"about":[{"href":"https:\/\/encuentroinformativo.com.mx\/index.php?rest_route=\/wp\/v2\/types\/post"}],"author":[{"embeddable":true,"href":"https:\/\/encuentroinformativo.com.mx\/index.php?rest_route=\/wp\/v2\/users\/2476"}],"replies":[{"embeddable":true,"href":"https:\/\/encuentroinformativo.com.mx\/index.php?rest_route=%2Fwp%2Fv2%2Fcomments&post=63807"}],"version-history":[{"count":1,"href":"https:\/\/encuentroinformativo.com.mx\/index.php?rest_route=\/wp\/v2\/posts\/63807\/revisions"}],"predecessor-version":[{"id":63809,"href":"https:\/\/encuentroinformativo.com.mx\/index.php?rest_route=\/wp\/v2\/posts\/63807\/revisions\/63809"}],"wp:featuredmedia":[{"embeddable":true,"href":"https:\/\/encuentroinformativo.com.mx\/index.php?rest_route=\/wp\/v2\/media\/63808"}],"wp:attachment":[{"href":"https:\/\/encuentroinformativo.com.mx\/index.php?rest_route=%2Fwp%2Fv2%2Fmedia&parent=63807"}],"wp:term":[{"taxonomy":"category","embeddable":true,"href":"https:\/\/encuentroinformativo.com.mx\/index.php?rest_route=%2Fwp%2Fv2%2Fcategories&post=63807"},{"taxonomy":"post_tag","embeddable":true,"href":"https:\/\/encuentroinformativo.com.mx\/index.php?rest_route=%2Fwp%2Fv2%2Ftags&post=63807"}],"curies":[{"name":"wp","href":"https:\/\/api.w.org\/{rel}","templated":true}]}}