{"id":63817,"date":"2025-02-17T20:00:40","date_gmt":"2025-02-18T02:00:40","guid":{"rendered":"https:\/\/encuentroinformativo.com.mx\/?p=63817"},"modified":"2025-02-17T20:00:40","modified_gmt":"2025-02-18T02:00:40","slug":"por-paquita-el-despecho-esta-de-luto-francisco-torres","status":"publish","type":"post","link":"https:\/\/encuentroinformativo.com.mx\/?p=63817","title":{"rendered":"Por Paquita, el despecho est\u00e1 de luto: Francisco Torres"},"content":{"rendered":"<p><strong style=\"font-size: 1rem;\">Dar\u00edo Pale<\/strong><\/p>\n<p>Xalapa, Ver.- En el pa\u00eds y en el estado de Veracruz el despecho est\u00e1 de luto por la muerte de Francisca Viveros Barradas &#8220;Paquita la del Barrio&#8221;, el martes ser\u00e1 incinerada y el mi\u00e9rcoles en la ciudad de M\u00e9xico en su restaurante &#8220;Casa Paquita&#8221; ser\u00e1 homenajeada, sus cenizas ser\u00e1n trasladadas a Alto Lucero.<\/p>\n<p>En entrevista Francisco Torres, representante art\u00edstico de Francisca Viveros Barradas &#8220;Paquita la del Barrio&#8221;, inform\u00f3 que este mi\u00e9rcoles se le har\u00e1 un homenaje p\u00f3stumo en su restaurante &#8220;Casa Paquita&#8221; en la Ciudad de M\u00e9xico.<\/p>\n<p>El martes ser\u00e1 cremada para posteriormente, el mi\u00e9rcoles sus cenizas ser\u00e1n trasladadas a la capilla familiar en Alto Lucero.<\/p>\n<p>Su representante Francisco Torres confirm\u00f3 que la cantante falleci\u00f3 a consecuencia de un paro cardio-respiratorio en su casa de Xalapa en la colonia Badillo.<\/p>\n<p>Revel\u00f3 que la artista veracruzana dej\u00f3 grabados 6 temas in\u00e9ditos.<\/p>\n<p>La famosa cantante se distingui\u00f3 por catalogar a los hombres infieles como \u201cin\u00fatiles\u201d y \u201cratas de dos patas\u201d.<\/p>\n<p>Francisca Viveros Barradas, mejor conocida como Paquita la del Barrio, naci\u00f3 un 2 de abril de 1947 en Alto Lucero, Veracruz. Desde los 12 a\u00f1os de edad supo que le gustaba cantar y as\u00ed lo deseaba.<\/p>\n<p>Como muchos artistas, Paquita incurri\u00f3 en la pol\u00edtica en 2021 cuando se postul\u00f3 como pre candidata para Diputada Local de Veracruz por el partido Movimiento Ciudadano en contienda por el distrito local de Misantla, en medio de la controversia luego de declarar que ella no sab\u00eda mucho sobre pol\u00edtica.<\/p>\n<p>Paquita la del Barrio comparti\u00f3 escenario con artistas de la talla de Juan Gabriel, Lupita D\u2019Alessio, Vicente Fern\u00e1ndez, Ricardo Arjona, Natalia Jim\u00e9nez y el grupo R\u00edo Roma.<\/p>\n<p>Fue en la entrega del Billboard 2021, al recibir el premio por su Trayectoria Art\u00edstica cuando, al comenzar su discurs\u00f3 llam\u00f3 \u201cin\u00fatil\u201d al boricua Bad Bunny, escena que se hizo viral en redes sociales.<\/p>\n","protected":false},"excerpt":{"rendered":"<p>Dar\u00edo Pale Xalapa, Ver.- En el pa\u00eds y en el estado de Veracruz el despecho est\u00e1 de luto por la muerte de Francisca Viveros Barradas &#8220;Paquita la del Barrio&#8221;, el martes ser\u00e1 incinerada y el mi\u00e9rcoles en la ciudad de M\u00e9xico en su restaurante &#8220;Casa Paquita&#8221; ser\u00e1 homenajeada, sus cenizas ser\u00e1n trasladadas a Alto Lucero. [&hellip;]<\/p>\n","protected":false},"author":2476,"featured_media":63818,"comment_status":"open","ping_status":"open","sticky":false,"template":"","format":"standard","meta":{"_jetpack_memberships_contains_paid_content":false,"footnotes":""},"categories":[2,12],"tags":[],"class_list":["post-63817","post","type-post","status-publish","format-standard","has-post-thumbnail","hentry","category-estado","category-nacional"],"jetpack_featured_media_url":"https:\/\/encuentroinformativo.com.mx\/wp-content\/uploads\/2025\/02\/IMG-20250217-WA03822.jpg","jetpack_sharing_enabled":true,"jetpack_likes_enabled":true,"amp_enabled":true,"_links":{"self":[{"href":"https:\/\/encuentroinformativo.com.mx\/index.php?rest_route=\/wp\/v2\/posts\/63817","targetHints":{"allow":["GET"]}}],"collection":[{"href":"https:\/\/encuentroinformativo.com.mx\/index.php?rest_route=\/wp\/v2\/posts"}],"about":[{"href":"https:\/\/encuentroinformativo.com.mx\/index.php?rest_route=\/wp\/v2\/types\/post"}],"author":[{"embeddable":true,"href":"https:\/\/encuentroinformativo.com.mx\/index.php?rest_route=\/wp\/v2\/users\/2476"}],"replies":[{"embeddable":true,"href":"https:\/\/encuentroinformativo.com.mx\/index.php?rest_route=%2Fwp%2Fv2%2Fcomments&post=63817"}],"version-history":[{"count":1,"href":"https:\/\/encuentroinformativo.com.mx\/index.php?rest_route=\/wp\/v2\/posts\/63817\/revisions"}],"predecessor-version":[{"id":63819,"href":"https:\/\/encuentroinformativo.com.mx\/index.php?rest_route=\/wp\/v2\/posts\/63817\/revisions\/63819"}],"wp:featuredmedia":[{"embeddable":true,"href":"https:\/\/encuentroinformativo.com.mx\/index.php?rest_route=\/wp\/v2\/media\/63818"}],"wp:attachment":[{"href":"https:\/\/encuentroinformativo.com.mx\/index.php?rest_route=%2Fwp%2Fv2%2Fmedia&parent=63817"}],"wp:term":[{"taxonomy":"category","embeddable":true,"href":"https:\/\/encuentroinformativo.com.mx\/index.php?rest_route=%2Fwp%2Fv2%2Fcategories&post=63817"},{"taxonomy":"post_tag","embeddable":true,"href":"https:\/\/encuentroinformativo.com.mx\/index.php?rest_route=%2Fwp%2Fv2%2Ftags&post=63817"}],"curies":[{"name":"wp","href":"https:\/\/api.w.org\/{rel}","templated":true}]}}