{"id":63833,"date":"2025-02-18T10:33:48","date_gmt":"2025-02-18T16:33:48","guid":{"rendered":"https:\/\/encuentroinformativo.com.mx\/?p=63833"},"modified":"2025-02-18T10:33:48","modified_gmt":"2025-02-18T16:33:48","slug":"paquita-recibira-homenaje-en-alto-lucero","status":"publish","type":"post","link":"https:\/\/encuentroinformativo.com.mx\/?p=63833","title":{"rendered":"Paquita recibir\u00e1 homenaje en Alto Lucero"},"content":{"rendered":"<p><strong style=\"font-size: 1rem;\">Dar\u00edo Pale<\/strong><\/p>\n<p>Xalapa, Ver.- La familia de Francisca Viveros Barradas &#8220;Paquita la del Barrio&#8221; celebrar\u00e1 las exequias con una misa de cuerpo presente en el municipio de Alto Lucero, este mi\u00e9rcoles al medio d\u00eda.<\/p>\n<p>Este d\u00eda su cuerpo ser\u00e1 cremado, as\u00ed lo dio a conocer su nieta Maricarmen durante los funerales que se realizan en la funeraria Bosques del Recuerdo en Xalapa.<\/p>\n<p>Posteriormente, el viernes se le rendir\u00e1 un homenaje en la Ciudad de M\u00e9xico en Casa Paquita, donde la cantante gustaba de pasar su estancia y recibir a sus amistades y fans.<\/p>\n<p>Su representante confirm\u00f3 que la cremaci\u00f3n ser\u00e1 este martes a las 2 de la tarde, posteriormente su familia tomar\u00e1 el resto del d\u00eda para descansar, el mi\u00e9rcoles para homenajearla en su tierra natal y el viernes trasladar\u00e1n sus cenizas a la Ciudad de M\u00e9xico para despedirla con un homenaje en Casa Paquita.<\/p>\n<p>El funeral transcurre este martes de forma privada, \u00fanicamente con acceso a su familia, aunque se han dado cita algunos pol\u00edticos y personas del espect\u00e1culo.<\/p>\n<p>Paquita la del Barrio muri\u00f3 alrededor de las 7 de la ma\u00f1ana de un infarto mientras dorm\u00eda en su casa en la ciudad de Xalapa.<\/p>\n","protected":false},"excerpt":{"rendered":"<p>Dar\u00edo Pale Xalapa, Ver.- La familia de Francisca Viveros Barradas &#8220;Paquita la del Barrio&#8221; celebrar\u00e1 las exequias con una misa de cuerpo presente en el municipio de Alto Lucero, este mi\u00e9rcoles al medio d\u00eda. Este d\u00eda su cuerpo ser\u00e1 cremado, as\u00ed lo dio a conocer su nieta Maricarmen durante los funerales que se realizan en [&hellip;]<\/p>\n","protected":false},"author":2476,"featured_media":63834,"comment_status":"open","ping_status":"open","sticky":false,"template":"","format":"standard","meta":{"_jetpack_memberships_contains_paid_content":false,"footnotes":""},"categories":[2,12],"tags":[],"class_list":["post-63833","post","type-post","status-publish","format-standard","has-post-thumbnail","hentry","category-estado","category-nacional"],"jetpack_featured_media_url":"https:\/\/encuentroinformativo.com.mx\/wp-content\/uploads\/2025\/02\/IMG-20250218-WA0058.jpg","jetpack_sharing_enabled":true,"jetpack_likes_enabled":true,"amp_enabled":true,"_links":{"self":[{"href":"https:\/\/encuentroinformativo.com.mx\/index.php?rest_route=\/wp\/v2\/posts\/63833","targetHints":{"allow":["GET"]}}],"collection":[{"href":"https:\/\/encuentroinformativo.com.mx\/index.php?rest_route=\/wp\/v2\/posts"}],"about":[{"href":"https:\/\/encuentroinformativo.com.mx\/index.php?rest_route=\/wp\/v2\/types\/post"}],"author":[{"embeddable":true,"href":"https:\/\/encuentroinformativo.com.mx\/index.php?rest_route=\/wp\/v2\/users\/2476"}],"replies":[{"embeddable":true,"href":"https:\/\/encuentroinformativo.com.mx\/index.php?rest_route=%2Fwp%2Fv2%2Fcomments&post=63833"}],"version-history":[{"count":1,"href":"https:\/\/encuentroinformativo.com.mx\/index.php?rest_route=\/wp\/v2\/posts\/63833\/revisions"}],"predecessor-version":[{"id":63835,"href":"https:\/\/encuentroinformativo.com.mx\/index.php?rest_route=\/wp\/v2\/posts\/63833\/revisions\/63835"}],"wp:featuredmedia":[{"embeddable":true,"href":"https:\/\/encuentroinformativo.com.mx\/index.php?rest_route=\/wp\/v2\/media\/63834"}],"wp:attachment":[{"href":"https:\/\/encuentroinformativo.com.mx\/index.php?rest_route=%2Fwp%2Fv2%2Fmedia&parent=63833"}],"wp:term":[{"taxonomy":"category","embeddable":true,"href":"https:\/\/encuentroinformativo.com.mx\/index.php?rest_route=%2Fwp%2Fv2%2Fcategories&post=63833"},{"taxonomy":"post_tag","embeddable":true,"href":"https:\/\/encuentroinformativo.com.mx\/index.php?rest_route=%2Fwp%2Fv2%2Ftags&post=63833"}],"curies":[{"name":"wp","href":"https:\/\/api.w.org\/{rel}","templated":true}]}}