{"id":63837,"date":"2025-02-18T12:01:05","date_gmt":"2025-02-18T18:01:05","guid":{"rendered":"https:\/\/encuentroinformativo.com.mx\/?p=63837"},"modified":"2025-02-18T12:01:05","modified_gmt":"2025-02-18T18:01:05","slug":"seccion-32-del-snte-pide-apoyo-a-gobernadora-para-cubrir-plazas-de-docentes","status":"publish","type":"post","link":"https:\/\/encuentroinformativo.com.mx\/?p=63837","title":{"rendered":"Secci\u00f3n 32 del SNTE pide apoyo a Gobernadora para cubrir plazas de docentes"},"content":{"rendered":"<p><strong style=\"font-size: 1rem;\">Alejandro \u00c1vila<\/strong><\/p>\n<p>Veracruz, Ver.- Integrantes de la secci\u00f3n 32 del SNTE ofrecieron una rueda de prensa para solicitar el apoyo de la gobernadora, Roc\u00edo Nahle Garc\u00eda, y poder cubrir las plazas de docentes que hacen falta en la entidad veracruzana.<\/p>\n<p>Tras leer un comunicado informaron que la Secretar\u00eda de Educaci\u00f3n de Veracruz est\u00e1 incumpliendo el art\u00edculo tercero de la constituci\u00f3n mexicana, el cual se\u00f1ala que se debe de garantizar la educaci\u00f3n a todos los ciudadanos desde preescolar hasta nivel superior.<\/p>\n<p>&#8220;En apego a lo anteriormente establecido y viendo las situaciones que imperan en nuestro Estado referentes a la cobertura del sistema educativo, a lo cual la Secretar\u00eda de Educaci\u00f3n de Veracruz est\u00e1 haciendo omisi\u00f3n al art\u00edculo tercero constitucional, es de nuestro menester manifestar que existe una carencia en la cobertura de la educaci\u00f3n en nuestro Estado, al no garantizar la asignaci\u00f3n del recurso humano para cada una de las aulas de los distintos niveles educativos que imperan en dicha Secretar\u00eda, lo que es totalmente opuesto a discusto discurso se\u00f1alado por la Secretar\u00eda de Educaci\u00f3n de Veracruz&#8221;, se\u00f1al\u00f3 Tirso del Valle V\u00e1zquez, director de la ESTI 69.<\/p>\n<p>Por su parte, Alma Elia P\u00e9rez Callejas, Jefa de Sector 5 de Escuela Secundarias T\u00e9cnicas, expuso que la Unidad del Sistema para la Carrera de las Maestras y los Maestros (USICAMM), no permite que docentes puedan cubrir horas en ciertos planteles educativos, debido a que las claves no les permiten participar en las promociones que oferta este organismo.<\/p>\n<p>&#8220;Decirles exactamente el n\u00famero de maestros depende de muchos factores y, sobre todo en eso, en el n\u00famero de claves que se tienen. As\u00ed mismo, hay partes en que se quiere cubrir por jubilaci\u00f3n y a veces tardamos hasta dos a\u00f1os, hay escuelas que tienen hasta 4 a\u00f1os sin que se haya cubierto un maestro que se ha jubilado con tiempo completo, con 40 horas. Entonces, esto afecta much\u00edsimo el servicio que nosotros prestamos, ya que actualmente todos los factores que se presentan o todas las situaciones que se presentan en las escuelas es precisamente por falta de docentes. Qu\u00e9 hace el director en esta situaci\u00f3n, lo que hace es cubrir con lo que se puede, pone al personal de apoyo para poder atender a los chicos, estos chicos que entran a las 7 de la ma\u00f1ana y salen a las 2 de la tarde, que los padres de familia est\u00e1n confiados que est\u00e1n ah\u00ed, pues sean atendidos de alguna u otra manera, pero no podemos seguir de esta forma, no podemos seguir cubriendo con los compa\u00f1eros de apoyo, no podemos seguir cubriendo con los prefectos, no podemos seguir cubriendo con intendentes, con secretarias, hasta el mismo director y subdirector tienen que entrar a las clases&#8221;, subray\u00f3.<\/p>\n<p>En septiembre del 2023 el Instituto Veracruzano de Educaci\u00f3n para los Adultos (IVEA) mencion\u00f3 que exist\u00eda un 7.9 por ciento de analfabetismo en Veracruz, 12.6 de los veracruzanos no hab\u00edan terminado siquiera la primaria y el 18 por ciento no hab\u00eda culminado la secundaria.<\/p>\n<p>Siendo Veracruz, C\u00f3rdoba, Orizaba, Xalapa, San Andr\u00e9s Tuxtla, Tuxpan, Coatzacoalcos y Coatepec, los municipios con mayor analfabetismo en la entidad.<\/p>\n","protected":false},"excerpt":{"rendered":"<p>Alejandro \u00c1vila Veracruz, Ver.- Integrantes de la secci\u00f3n 32 del SNTE ofrecieron una rueda de prensa para solicitar el apoyo de la gobernadora, Roc\u00edo Nahle Garc\u00eda, y poder cubrir las plazas de docentes que hacen falta en la entidad veracruzana. Tras leer un comunicado informaron que la Secretar\u00eda de Educaci\u00f3n de Veracruz est\u00e1 incumpliendo el [&hellip;]<\/p>\n","protected":false},"author":2476,"featured_media":63838,"comment_status":"open","ping_status":"open","sticky":false,"template":"","format":"standard","meta":{"_jetpack_memberships_contains_paid_content":false,"footnotes":""},"categories":[2],"tags":[],"class_list":["post-63837","post","type-post","status-publish","format-standard","has-post-thumbnail","hentry","category-estado"],"jetpack_featured_media_url":"https:\/\/encuentroinformativo.com.mx\/wp-content\/uploads\/2025\/02\/IMG-20250218-WA0096.jpg","jetpack_sharing_enabled":true,"jetpack_likes_enabled":true,"amp_enabled":true,"_links":{"self":[{"href":"https:\/\/encuentroinformativo.com.mx\/index.php?rest_route=\/wp\/v2\/posts\/63837","targetHints":{"allow":["GET"]}}],"collection":[{"href":"https:\/\/encuentroinformativo.com.mx\/index.php?rest_route=\/wp\/v2\/posts"}],"about":[{"href":"https:\/\/encuentroinformativo.com.mx\/index.php?rest_route=\/wp\/v2\/types\/post"}],"author":[{"embeddable":true,"href":"https:\/\/encuentroinformativo.com.mx\/index.php?rest_route=\/wp\/v2\/users\/2476"}],"replies":[{"embeddable":true,"href":"https:\/\/encuentroinformativo.com.mx\/index.php?rest_route=%2Fwp%2Fv2%2Fcomments&post=63837"}],"version-history":[{"count":1,"href":"https:\/\/encuentroinformativo.com.mx\/index.php?rest_route=\/wp\/v2\/posts\/63837\/revisions"}],"predecessor-version":[{"id":63839,"href":"https:\/\/encuentroinformativo.com.mx\/index.php?rest_route=\/wp\/v2\/posts\/63837\/revisions\/63839"}],"wp:featuredmedia":[{"embeddable":true,"href":"https:\/\/encuentroinformativo.com.mx\/index.php?rest_route=\/wp\/v2\/media\/63838"}],"wp:attachment":[{"href":"https:\/\/encuentroinformativo.com.mx\/index.php?rest_route=%2Fwp%2Fv2%2Fmedia&parent=63837"}],"wp:term":[{"taxonomy":"category","embeddable":true,"href":"https:\/\/encuentroinformativo.com.mx\/index.php?rest_route=%2Fwp%2Fv2%2Fcategories&post=63837"},{"taxonomy":"post_tag","embeddable":true,"href":"https:\/\/encuentroinformativo.com.mx\/index.php?rest_route=%2Fwp%2Fv2%2Ftags&post=63837"}],"curies":[{"name":"wp","href":"https:\/\/api.w.org\/{rel}","templated":true}]}}