{"id":63840,"date":"2025-02-18T12:06:30","date_gmt":"2025-02-18T18:06:30","guid":{"rendered":"https:\/\/encuentroinformativo.com.mx\/?p=63840"},"modified":"2025-02-18T12:06:30","modified_gmt":"2025-02-18T18:06:30","slug":"padres-de-familia-pagan-sueldo-de-maestro-suplentes-en-la-escuela-de-veracruz-puerto","status":"publish","type":"post","link":"https:\/\/encuentroinformativo.com.mx\/?p=63840","title":{"rendered":"Padres de familia pagan sueldo de maestro suplentes en la escuela de Veracruz puerto"},"content":{"rendered":"<p><strong style=\"font-size: 1rem;\">Alejandro \u00c1vila<\/strong><\/p>\n<p>Veracruz, Ver.- La ma\u00f1ana de este lunes se realiz\u00f3 una manifestaci\u00f3n de alumnos en la escuela primaria &#8220;Juan Malpica Silva&#8221; debido a la falta de docentes, y ante lo cual los padres de familia cubren el sueldo de los maestros suplentes.<\/p>\n<p>Desde el inicio del 2025 el plantel educativo ubicado en la calle Campero y Circunvalaci\u00f3n de la ciudad de Veracruz sufre las bajas por permiso de los maestros del Quinto C y del Sexto B; adem\u00e1s de la incapacidad de una maestra que lleva m\u00e1s de un mes sin impartir clases.<\/p>\n<p>&#8220;Ahorita s\u00ed ya rebas\u00f3, porque son los permisos, las incapacidades, hay semanas que son hasta cuatro personas las que se tienen que estar pagando&#8221;, se\u00f1al\u00f3 la directora del plantel educativo, Teodora Wandestrand.<\/p>\n<p>En la escuela primaria se encuentra pegado un oficio dirigido a, Eva Catalina Flores Castro, directora general de Escuelas Primarias Federalizadas, a qui\u00e9n le solicita el supervisor escolar, Melchor Ku Peraza, la anuencia para destinar a dos docentes para la escuela Juan Malpica Silva.<\/p>\n<p>&#8220;Los permisos son desde, a partir el primero de enero, los permisos, ya as\u00ed recurrente a partir de ahorita, del primero de enero, son esos dos maestros de permiso y una incapacidad de 28 d\u00edas primero y de 21 d\u00edas despu\u00e9s, son dos grupos, m\u00e1s lo que se acumula, una maestra que tuvo problemas con un quiste, otro maestro que lo operaron de un ri\u00f1\u00f3n, este a\u00f1o. El a\u00f1o pasado un maestro con acuerdo presidencial, que es otra situaci\u00f3n que se da, un acuerdo presidencial, al maestro lo retiran y ya&#8221;, expres\u00f3.<\/p>\n<p>La escuela primaria &#8220;Juan Malpica Silva&#8221; tiene una matr\u00edcula de 428 alumnos en el turno matutino y 92 alumnos en el turno vespertino; sin embargo, a ra\u00edz de esa situaci\u00f3n, hay varios padres de familia que ya est\u00e1n pidiendo las bajas de sus hijos debido a la falta de clases.<\/p>\n","protected":false},"excerpt":{"rendered":"<p>Alejandro \u00c1vila Veracruz, Ver.- La ma\u00f1ana de este lunes se realiz\u00f3 una manifestaci\u00f3n de alumnos en la escuela primaria &#8220;Juan Malpica Silva&#8221; debido a la falta de docentes, y ante lo cual los padres de familia cubren el sueldo de los maestros suplentes. Desde el inicio del 2025 el plantel educativo ubicado en la calle [&hellip;]<\/p>\n","protected":false},"author":2476,"featured_media":63843,"comment_status":"open","ping_status":"open","sticky":false,"template":"","format":"standard","meta":{"_jetpack_memberships_contains_paid_content":false,"footnotes":""},"categories":[2],"tags":[],"class_list":["post-63840","post","type-post","status-publish","format-standard","has-post-thumbnail","hentry","category-estado"],"jetpack_featured_media_url":"https:\/\/encuentroinformativo.com.mx\/wp-content\/uploads\/2025\/02\/IMG-20250218-WA01092.jpg","jetpack_sharing_enabled":true,"jetpack_likes_enabled":true,"amp_enabled":true,"_links":{"self":[{"href":"https:\/\/encuentroinformativo.com.mx\/index.php?rest_route=\/wp\/v2\/posts\/63840","targetHints":{"allow":["GET"]}}],"collection":[{"href":"https:\/\/encuentroinformativo.com.mx\/index.php?rest_route=\/wp\/v2\/posts"}],"about":[{"href":"https:\/\/encuentroinformativo.com.mx\/index.php?rest_route=\/wp\/v2\/types\/post"}],"author":[{"embeddable":true,"href":"https:\/\/encuentroinformativo.com.mx\/index.php?rest_route=\/wp\/v2\/users\/2476"}],"replies":[{"embeddable":true,"href":"https:\/\/encuentroinformativo.com.mx\/index.php?rest_route=%2Fwp%2Fv2%2Fcomments&post=63840"}],"version-history":[{"count":1,"href":"https:\/\/encuentroinformativo.com.mx\/index.php?rest_route=\/wp\/v2\/posts\/63840\/revisions"}],"predecessor-version":[{"id":63842,"href":"https:\/\/encuentroinformativo.com.mx\/index.php?rest_route=\/wp\/v2\/posts\/63840\/revisions\/63842"}],"wp:featuredmedia":[{"embeddable":true,"href":"https:\/\/encuentroinformativo.com.mx\/index.php?rest_route=\/wp\/v2\/media\/63843"}],"wp:attachment":[{"href":"https:\/\/encuentroinformativo.com.mx\/index.php?rest_route=%2Fwp%2Fv2%2Fmedia&parent=63840"}],"wp:term":[{"taxonomy":"category","embeddable":true,"href":"https:\/\/encuentroinformativo.com.mx\/index.php?rest_route=%2Fwp%2Fv2%2Fcategories&post=63840"},{"taxonomy":"post_tag","embeddable":true,"href":"https:\/\/encuentroinformativo.com.mx\/index.php?rest_route=%2Fwp%2Fv2%2Ftags&post=63840"}],"curies":[{"name":"wp","href":"https:\/\/api.w.org\/{rel}","templated":true}]}}