{"id":63858,"date":"2025-02-18T19:07:00","date_gmt":"2025-02-19T01:07:00","guid":{"rendered":"https:\/\/encuentroinformativo.com.mx\/?p=63858"},"modified":"2025-02-18T19:07:00","modified_gmt":"2025-02-19T01:07:00","slug":"rechaza-gobernadora-nahle-inclusion-de-senador-yunes-en-morena","status":"publish","type":"post","link":"https:\/\/encuentroinformativo.com.mx\/?p=63858","title":{"rendered":"Rechaza Gobernadora Nahle inclusi\u00f3n de Senador Yunes en Morena"},"content":{"rendered":"<p><strong style=\"font-size: 1rem;\">Dar\u00edo Pale<\/strong><\/p>\n<p>Xalapa, Ver.- La gobernadora, Roc\u00edo Nahle Garc\u00eda rechaz\u00f3 la afiliaci\u00f3n del senador Miguel \u00c1ngel Yunes M\u00e1rquez al partido de Morena.<\/p>\n<p>A trav\u00e9s de sus redes sociales, solicit\u00f3 a la Comisi\u00f3n de Honestidad y Justicia de Morena que no se acredite la membres\u00eda como integrante a Miguel \u00c1ngel Yunes M\u00e1rquez, pues no representa ni cuenta con los postulados del Movimiento de Regeneraci\u00f3n.<\/p>\n<p>Y es que indic\u00f3 que los militantes de Veracruz merecen respeto.<\/p>\n<p>Asimismo, anunci\u00f3 que impugnar\u00e1 ante los \u00f3rganos de direcci\u00f3n del partido pol\u00edtico y advirti\u00f3 que en breve estar\u00e1 haciendo llegar formalmente la solicitud por escrito a la presidenta Luisa Alcalde y con las pruebas correspondientes sobre la &#8220;carpeta azul&#8221; donde est\u00e1 involucrado en lavado de dinero y otros delitos.<\/p>\n<p>Cabe se\u00f1alar que este martes, el ex panista particip\u00f3 en una reuni\u00f3n con la dirigencia nacional de Morena en el Senado y en donde se dio el proceso de afiliaci\u00f3n.<\/p>\n<p><img loading=\"lazy\" decoding=\"async\" class=\"alignnone size-medium wp-image-63859\" src=\"https:\/\/encuentroinformativo.com.mx\/wp-content\/uploads\/2025\/02\/Screenshot_20250218-190358-277x300.png\" alt=\"\" width=\"277\" height=\"300\" srcset=\"https:\/\/encuentroinformativo.com.mx\/wp-content\/uploads\/2025\/02\/Screenshot_20250218-190358-277x300.png 277w, https:\/\/encuentroinformativo.com.mx\/wp-content\/uploads\/2025\/02\/Screenshot_20250218-190358-944x1024.png 944w, https:\/\/encuentroinformativo.com.mx\/wp-content\/uploads\/2025\/02\/Screenshot_20250218-190358-768x833.png 768w, https:\/\/encuentroinformativo.com.mx\/wp-content\/uploads\/2025\/02\/Screenshot_20250218-190358.png 1080w\" sizes=\"auto, (max-width: 277px) 100vw, 277px\" \/><\/p>\n","protected":false},"excerpt":{"rendered":"<p>Dar\u00edo Pale Xalapa, Ver.- La gobernadora, Roc\u00edo Nahle Garc\u00eda rechaz\u00f3 la afiliaci\u00f3n del senador Miguel \u00c1ngel Yunes M\u00e1rquez al partido de Morena. A trav\u00e9s de sus redes sociales, solicit\u00f3 a la Comisi\u00f3n de Honestidad y Justicia de Morena que no se acredite la membres\u00eda como integrante a Miguel \u00c1ngel Yunes M\u00e1rquez, pues no representa ni [&hellip;]<\/p>\n","protected":false},"author":2476,"featured_media":63859,"comment_status":"open","ping_status":"open","sticky":false,"template":"","format":"standard","meta":{"_jetpack_memberships_contains_paid_content":false,"footnotes":""},"categories":[2],"tags":[],"class_list":["post-63858","post","type-post","status-publish","format-standard","has-post-thumbnail","hentry","category-estado"],"jetpack_featured_media_url":"https:\/\/encuentroinformativo.com.mx\/wp-content\/uploads\/2025\/02\/Screenshot_20250218-190358.png","jetpack_sharing_enabled":true,"jetpack_likes_enabled":true,"amp_enabled":true,"_links":{"self":[{"href":"https:\/\/encuentroinformativo.com.mx\/index.php?rest_route=\/wp\/v2\/posts\/63858","targetHints":{"allow":["GET"]}}],"collection":[{"href":"https:\/\/encuentroinformativo.com.mx\/index.php?rest_route=\/wp\/v2\/posts"}],"about":[{"href":"https:\/\/encuentroinformativo.com.mx\/index.php?rest_route=\/wp\/v2\/types\/post"}],"author":[{"embeddable":true,"href":"https:\/\/encuentroinformativo.com.mx\/index.php?rest_route=\/wp\/v2\/users\/2476"}],"replies":[{"embeddable":true,"href":"https:\/\/encuentroinformativo.com.mx\/index.php?rest_route=%2Fwp%2Fv2%2Fcomments&post=63858"}],"version-history":[{"count":2,"href":"https:\/\/encuentroinformativo.com.mx\/index.php?rest_route=\/wp\/v2\/posts\/63858\/revisions"}],"predecessor-version":[{"id":63861,"href":"https:\/\/encuentroinformativo.com.mx\/index.php?rest_route=\/wp\/v2\/posts\/63858\/revisions\/63861"}],"wp:featuredmedia":[{"embeddable":true,"href":"https:\/\/encuentroinformativo.com.mx\/index.php?rest_route=\/wp\/v2\/media\/63859"}],"wp:attachment":[{"href":"https:\/\/encuentroinformativo.com.mx\/index.php?rest_route=%2Fwp%2Fv2%2Fmedia&parent=63858"}],"wp:term":[{"taxonomy":"category","embeddable":true,"href":"https:\/\/encuentroinformativo.com.mx\/index.php?rest_route=%2Fwp%2Fv2%2Fcategories&post=63858"},{"taxonomy":"post_tag","embeddable":true,"href":"https:\/\/encuentroinformativo.com.mx\/index.php?rest_route=%2Fwp%2Fv2%2Ftags&post=63858"}],"curies":[{"name":"wp","href":"https:\/\/api.w.org\/{rel}","templated":true}]}}