{"id":63862,"date":"2025-02-18T19:48:34","date_gmt":"2025-02-19T01:48:34","guid":{"rendered":"https:\/\/encuentroinformativo.com.mx\/?p=63862"},"modified":"2025-02-18T19:48:34","modified_gmt":"2025-02-19T01:48:34","slug":"estrecha-congreso-de-veracruz-lazos-de-amistad-con-embajada-de-cuba","status":"publish","type":"post","link":"https:\/\/encuentroinformativo.com.mx\/?p=63862","title":{"rendered":"Estrecha Congreso de Veracruz lazos de amistad con Embajada de Cuba"},"content":{"rendered":"<p><strong>* Atiende presidenta de la Mesa Directiva, diputada Tanya Carola Viveros Ch\u00e1zaro, la visita del consejero pol\u00edtico, Jos\u00e9 \u00c1ngel Maury del Toro.<\/strong><\/p>\n<p style=\"font-weight: 400;\"><span style=\"font-size: 1rem;\">Xalapa, Ver.- La LXVII Legislatura del Estado de Veracruz, por conducto de la presidenta de la Mesa Directiva, diputada Tanya Carola Viveros Ch\u00e1zaro, y del presidente de la Junta de Coordinaci\u00f3n Pol\u00edtica (Jucopo), diputado Esteban Bautista Hern\u00e1ndez, recibi\u00f3 la visita de cortes\u00eda del consejero pol\u00edtico de la Embajada de Cuba en M\u00e9xico, Jos\u00e9 \u00c1ngel Maury del Toro, con quien dialogaron sobre temas de gran relevancia para ambos pa\u00edses.<\/span><\/p>\n<p style=\"font-weight: 400;\"><span style=\"font-size: 1rem;\">Con la presencia de diputadas y diputados de este Congreso y de la exsenadora Gloria S\u00e1nchez Hern\u00e1ndez, la diputada Tanya Carola Viveros dio la bienvenida al funcionario, record\u00f3 que el pueblo mexicano siempre ha sido solidario con Cuba y destac\u00f3 la importancia del intercambio cultural entre estas dos naciones.<\/span><\/p>\n<p style=\"font-weight: 400;\"><span style=\"font-size: 1rem;\">Cuba es ejemplo de dignidad al romper las ataduras del imperialismo y dar el mensaje que desde la izquierda otro mundo es posible, afirm\u00f3 el legislador Esteban Bautista Hern\u00e1ndez, quien hizo un recuento de las pol\u00edticas implementadas por los l\u00edderes izquierdistas y la cordialidad con que M\u00e9xico los ha recibido. \u201cDesde antes que gobern\u00e1ramos, ya mostr\u00e1bamos solidaridad a los pa\u00edses de izquierda. Bienvenido. \u00c9sta es su casa y puede llegar las veces que usted quiera\u201d, extern\u00f3 al funcionario.<\/span><\/p>\n<p style=\"font-weight: 400;\"><span style=\"font-size: 1rem;\">Las y los representantes populares y el consejero abordaron diversos temas como el bloqueo econ\u00f3mico que ha sufrido Cuba por d\u00e9cadas, la m\u00fasica y la cultura, la formaci\u00f3n humanista de los m\u00e9dicos de ese pa\u00eds, su conformaci\u00f3n pol\u00edtica y el respeto que M\u00e9xico siempre ha manifestado a su soberan\u00eda.<\/span><\/p>\n<p style=\"font-weight: 400;\"><span style=\"font-size: 1rem;\">A la reuni\u00f3n asistieron integrantes del Instituto de Relaciones Culturales Mexicano Cubanas \u201cFlores Mag\u00f3n-Mella\u201d, las diputadas Naomi Edith G\u00f3mez Santos, Miriam Garc\u00eda Guzm\u00e1n, Dorheny Garc\u00eda Cayetano, Guadalupe V\u00e1zquez Gonz\u00e1lez, Ingrid Jeny Calder\u00f3n Dom\u00ednguez, Valeria M\u00e9ndez Moctezuma, Ivonne Selene Dur\u00e1n L\u00f3pez, Liud Herrera F\u00e9lix y Luc\u00eda Bego\u00f1a Canales Barturen y los diputados Felipe Pineda Barradas, Omar Edmundo Blanco Mart\u00ednez, Jos\u00e9 Reveriano Mar\u00edn Hern\u00e1ndez y Alejandro Porras Mar\u00edn.<\/span><\/p>\n<p style=\"font-weight: 400;\">\n","protected":false},"excerpt":{"rendered":"<p>* Atiende presidenta de la Mesa Directiva, diputada Tanya Carola Viveros Ch\u00e1zaro, la visita del consejero pol\u00edtico, Jos\u00e9 \u00c1ngel Maury del Toro. Xalapa, Ver.- La LXVII Legislatura del Estado de Veracruz, por conducto de la presidenta de la Mesa Directiva, diputada Tanya Carola Viveros Ch\u00e1zaro, y del presidente de la Junta de Coordinaci\u00f3n Pol\u00edtica (Jucopo), [&hellip;]<\/p>\n","protected":false},"author":2476,"featured_media":63863,"comment_status":"open","ping_status":"open","sticky":false,"template":"","format":"standard","meta":{"_jetpack_memberships_contains_paid_content":false,"footnotes":""},"categories":[2],"tags":[],"class_list":["post-63862","post","type-post","status-publish","format-standard","has-post-thumbnail","hentry","category-estado"],"jetpack_featured_media_url":"https:\/\/encuentroinformativo.com.mx\/wp-content\/uploads\/2025\/02\/NOV18FEB2025CONGRESO_CUBA12.jpeg","jetpack_sharing_enabled":true,"jetpack_likes_enabled":true,"amp_enabled":true,"_links":{"self":[{"href":"https:\/\/encuentroinformativo.com.mx\/index.php?rest_route=\/wp\/v2\/posts\/63862","targetHints":{"allow":["GET"]}}],"collection":[{"href":"https:\/\/encuentroinformativo.com.mx\/index.php?rest_route=\/wp\/v2\/posts"}],"about":[{"href":"https:\/\/encuentroinformativo.com.mx\/index.php?rest_route=\/wp\/v2\/types\/post"}],"author":[{"embeddable":true,"href":"https:\/\/encuentroinformativo.com.mx\/index.php?rest_route=\/wp\/v2\/users\/2476"}],"replies":[{"embeddable":true,"href":"https:\/\/encuentroinformativo.com.mx\/index.php?rest_route=%2Fwp%2Fv2%2Fcomments&post=63862"}],"version-history":[{"count":1,"href":"https:\/\/encuentroinformativo.com.mx\/index.php?rest_route=\/wp\/v2\/posts\/63862\/revisions"}],"predecessor-version":[{"id":63864,"href":"https:\/\/encuentroinformativo.com.mx\/index.php?rest_route=\/wp\/v2\/posts\/63862\/revisions\/63864"}],"wp:featuredmedia":[{"embeddable":true,"href":"https:\/\/encuentroinformativo.com.mx\/index.php?rest_route=\/wp\/v2\/media\/63863"}],"wp:attachment":[{"href":"https:\/\/encuentroinformativo.com.mx\/index.php?rest_route=%2Fwp%2Fv2%2Fmedia&parent=63862"}],"wp:term":[{"taxonomy":"category","embeddable":true,"href":"https:\/\/encuentroinformativo.com.mx\/index.php?rest_route=%2Fwp%2Fv2%2Fcategories&post=63862"},{"taxonomy":"post_tag","embeddable":true,"href":"https:\/\/encuentroinformativo.com.mx\/index.php?rest_route=%2Fwp%2Fv2%2Ftags&post=63862"}],"curies":[{"name":"wp","href":"https:\/\/api.w.org\/{rel}","templated":true}]}}