{"id":63872,"date":"2025-02-18T21:50:16","date_gmt":"2025-02-19T03:50:16","guid":{"rendered":"https:\/\/encuentroinformativo.com.mx\/?p=63872"},"modified":"2025-02-18T21:50:16","modified_gmt":"2025-02-19T03:50:16","slug":"gobierno-de-boca-del-rio-atento-ante-el-ingreso-del-frente-frio-28-alcalde-jm-unanue","status":"publish","type":"post","link":"https:\/\/encuentroinformativo.com.mx\/?p=63872","title":{"rendered":"Gobierno de Boca del R\u00edo atento ante el ingreso del Frente Fr\u00edo 28: Alcalde JM Un\u00e1nue"},"content":{"rendered":"<p><span style=\"font-size: 1rem;\">Boca del R\u00edo, Ver.- Ante el impacto del Frente Fr\u00edo 28 y sus efectos en la ciudad de Boca del R\u00edo, el alcalde de Boca del R\u00edo, Juan Manuel Un\u00e1nue Abascal, ha ordenado la implementaci\u00f3n de un operativo previo-durante y despu\u00e9s del fuerte viento del norte que se registrar\u00e1 a partir de este mi\u00e9rcoles 19 de enero.<\/span><\/p>\n<p>El Gobierno Municipal ha realizado diversas acciones preventivas para aminorar cualquier tipo de afectaci\u00f3n.<\/p>\n<p>Con la implementaci\u00f3n de la Alerta Gris por parte de la autoridad Estatal, Boca del R\u00edo se encuentra en alerta por el ingreso de viento del norte violento, descenso de temperatura y oleaje elevado.<\/p>\n<p>Se espera que presente velocidades entre los 60 a 75 km\/h con rachas m\u00e1ximas de 85 a 105 km\/h en la costa.<\/p>\n<p>Previo a la presencia del fen\u00f3meno meteorol\u00f3gico, el alcalde de Boca del R\u00edo, ha ordenado a la Fuerza de Tarea Municipal atender el llamado ciudadano de manera puntual.<\/p>\n<p>El grupo de respuesta se encuentra conformado por Mantenimiento Urbano, Obras P\u00fablicas, Polic\u00eda Municipal, Tr\u00e1nsito Municipal, Gobernaci\u00f3n, Limpia P\u00fablica, Protecci\u00f3n Civil y Comercio.<\/p>\n<p>El Ayuntamiento de Boca del R\u00edo pone a disposici\u00f3n de los ciudadanos los n\u00fameros de emergencia para cualquier eventualidad: el 911 o los tel\u00e9fonos de Protecci\u00f3n Civil de Boca del R\u00edo 9 86 23 23 o al 2 02 22 22 extensi\u00f3n 3000.<\/p>\n","protected":false},"excerpt":{"rendered":"<p>Boca del R\u00edo, Ver.- Ante el impacto del Frente Fr\u00edo 28 y sus efectos en la ciudad de Boca del R\u00edo, el alcalde de Boca del R\u00edo, Juan Manuel Un\u00e1nue Abascal, ha ordenado la implementaci\u00f3n de un operativo previo-durante y despu\u00e9s del fuerte viento del norte que se registrar\u00e1 a partir de este mi\u00e9rcoles 19 [&hellip;]<\/p>\n","protected":false},"author":2476,"featured_media":63873,"comment_status":"open","ping_status":"open","sticky":false,"template":"","format":"standard","meta":{"_jetpack_memberships_contains_paid_content":false,"footnotes":""},"categories":[2],"tags":[],"class_list":["post-63872","post","type-post","status-publish","format-standard","has-post-thumbnail","hentry","category-estado"],"jetpack_featured_media_url":"https:\/\/encuentroinformativo.com.mx\/wp-content\/uploads\/2025\/02\/IMG-20250218-WA0497.jpg","jetpack_sharing_enabled":true,"jetpack_likes_enabled":true,"amp_enabled":true,"_links":{"self":[{"href":"https:\/\/encuentroinformativo.com.mx\/index.php?rest_route=\/wp\/v2\/posts\/63872","targetHints":{"allow":["GET"]}}],"collection":[{"href":"https:\/\/encuentroinformativo.com.mx\/index.php?rest_route=\/wp\/v2\/posts"}],"about":[{"href":"https:\/\/encuentroinformativo.com.mx\/index.php?rest_route=\/wp\/v2\/types\/post"}],"author":[{"embeddable":true,"href":"https:\/\/encuentroinformativo.com.mx\/index.php?rest_route=\/wp\/v2\/users\/2476"}],"replies":[{"embeddable":true,"href":"https:\/\/encuentroinformativo.com.mx\/index.php?rest_route=%2Fwp%2Fv2%2Fcomments&post=63872"}],"version-history":[{"count":1,"href":"https:\/\/encuentroinformativo.com.mx\/index.php?rest_route=\/wp\/v2\/posts\/63872\/revisions"}],"predecessor-version":[{"id":63874,"href":"https:\/\/encuentroinformativo.com.mx\/index.php?rest_route=\/wp\/v2\/posts\/63872\/revisions\/63874"}],"wp:featuredmedia":[{"embeddable":true,"href":"https:\/\/encuentroinformativo.com.mx\/index.php?rest_route=\/wp\/v2\/media\/63873"}],"wp:attachment":[{"href":"https:\/\/encuentroinformativo.com.mx\/index.php?rest_route=%2Fwp%2Fv2%2Fmedia&parent=63872"}],"wp:term":[{"taxonomy":"category","embeddable":true,"href":"https:\/\/encuentroinformativo.com.mx\/index.php?rest_route=%2Fwp%2Fv2%2Fcategories&post=63872"},{"taxonomy":"post_tag","embeddable":true,"href":"https:\/\/encuentroinformativo.com.mx\/index.php?rest_route=%2Fwp%2Fv2%2Ftags&post=63872"}],"curies":[{"name":"wp","href":"https:\/\/api.w.org\/{rel}","templated":true}]}}