{"id":63884,"date":"2025-02-19T12:32:52","date_gmt":"2025-02-19T18:32:52","guid":{"rendered":"https:\/\/encuentroinformativo.com.mx\/?p=63884"},"modified":"2025-02-19T12:32:52","modified_gmt":"2025-02-19T18:32:52","slug":"en-abril-el-hijo-del-santo-se-despedira-de-sus-fans-en-veracruz","status":"publish","type":"post","link":"https:\/\/encuentroinformativo.com.mx\/?p=63884","title":{"rendered":"En abril, el Hijo del Santo se despedir\u00e1 de sus fans en Veracruz"},"content":{"rendered":"<p><strong style=\"font-size: 1rem;\">Alejandro \u00c1vila<\/strong><\/p>\n<p>Veracruz, Ver.- Finalmente y tras cinco meses de espera, la leyenda de El Hijo del Santo tendr\u00e1 su \u00faltimo espect\u00e1culo en tierras jarochas el pr\u00f3ximo s\u00e1bado 26 de abril.<\/p>\n<p>Cabe recordar que la funci\u00f3n y gira de despedida denominada &#8220;Todo x el Todo&#8221; estaba programada para presentarse en Veracruz en el pasado mes de noviembre del 2024; sin embargo, por cuestiones de log\u00edstica y en aras de presentar un espect\u00e1culo sin igual para sus fan\u00e1ticos jarochos, la producci\u00f3n del &#8220;Enmascarado de Plata&#8221; decidi\u00f3 reajustar la fecha.<\/p>\n<p>Tambi\u00e9n la sede fue cambiada pues originalmente ese ten\u00eda previsto la Arena Veracruz y ahora se realizar\u00e1 en el auditorio Benito Ju\u00e1rez, un espacio m\u00e1s c\u00f3modo, climatizado y donde los espectadores podr\u00e1n disfrutar de las acrobacias y las llaves del pancracio mexicano.<\/p>\n<p>Los boletos adquiridos con anterioridad son totalmente v\u00e1lidos para la nueva fecha, sin necesidad de realizar alg\u00fan cambio, misma secci\u00f3n, mismo asiento, y tambi\u00e9n se pueden conseguir en la plataforma de Veratickets.<\/p>\n<p>A partir del lunes 24 de febrero habr\u00e1 punto de venta f\u00edsico en Asadero Cien de Plaza Am\u00e9ricas de lunes a s\u00e1bado de 11 de la ma\u00f1ana a 7 de la noche. Ah\u00ed podr\u00e1s comprar y\/o recoger tus boletos comprados en l\u00ednea.<\/p>\n","protected":false},"excerpt":{"rendered":"<p>Alejandro \u00c1vila Veracruz, Ver.- Finalmente y tras cinco meses de espera, la leyenda de El Hijo del Santo tendr\u00e1 su \u00faltimo espect\u00e1culo en tierras jarochas el pr\u00f3ximo s\u00e1bado 26 de abril. Cabe recordar que la funci\u00f3n y gira de despedida denominada &#8220;Todo x el Todo&#8221; estaba programada para presentarse en Veracruz en el pasado mes [&hellip;]<\/p>\n","protected":false},"author":2476,"featured_media":63885,"comment_status":"open","ping_status":"open","sticky":false,"template":"","format":"standard","meta":{"_jetpack_memberships_contains_paid_content":false,"footnotes":""},"categories":[2],"tags":[],"class_list":["post-63884","post","type-post","status-publish","format-standard","has-post-thumbnail","hentry","category-estado"],"jetpack_featured_media_url":"https:\/\/encuentroinformativo.com.mx\/wp-content\/uploads\/2025\/02\/IMG-20250219-WA0073.jpg","jetpack_sharing_enabled":true,"jetpack_likes_enabled":true,"amp_enabled":true,"_links":{"self":[{"href":"https:\/\/encuentroinformativo.com.mx\/index.php?rest_route=\/wp\/v2\/posts\/63884","targetHints":{"allow":["GET"]}}],"collection":[{"href":"https:\/\/encuentroinformativo.com.mx\/index.php?rest_route=\/wp\/v2\/posts"}],"about":[{"href":"https:\/\/encuentroinformativo.com.mx\/index.php?rest_route=\/wp\/v2\/types\/post"}],"author":[{"embeddable":true,"href":"https:\/\/encuentroinformativo.com.mx\/index.php?rest_route=\/wp\/v2\/users\/2476"}],"replies":[{"embeddable":true,"href":"https:\/\/encuentroinformativo.com.mx\/index.php?rest_route=%2Fwp%2Fv2%2Fcomments&post=63884"}],"version-history":[{"count":1,"href":"https:\/\/encuentroinformativo.com.mx\/index.php?rest_route=\/wp\/v2\/posts\/63884\/revisions"}],"predecessor-version":[{"id":63886,"href":"https:\/\/encuentroinformativo.com.mx\/index.php?rest_route=\/wp\/v2\/posts\/63884\/revisions\/63886"}],"wp:featuredmedia":[{"embeddable":true,"href":"https:\/\/encuentroinformativo.com.mx\/index.php?rest_route=\/wp\/v2\/media\/63885"}],"wp:attachment":[{"href":"https:\/\/encuentroinformativo.com.mx\/index.php?rest_route=%2Fwp%2Fv2%2Fmedia&parent=63884"}],"wp:term":[{"taxonomy":"category","embeddable":true,"href":"https:\/\/encuentroinformativo.com.mx\/index.php?rest_route=%2Fwp%2Fv2%2Fcategories&post=63884"},{"taxonomy":"post_tag","embeddable":true,"href":"https:\/\/encuentroinformativo.com.mx\/index.php?rest_route=%2Fwp%2Fv2%2Ftags&post=63884"}],"curies":[{"name":"wp","href":"https:\/\/api.w.org\/{rel}","templated":true}]}}