{"id":63893,"date":"2025-02-19T13:10:08","date_gmt":"2025-02-19T19:10:08","guid":{"rendered":"https:\/\/encuentroinformativo.com.mx\/?p=63893"},"modified":"2025-02-19T13:10:08","modified_gmt":"2025-02-19T19:10:08","slug":"analiza-congreso-local-rendir-homenaje-a-paquita-la-del-barrio","status":"publish","type":"post","link":"https:\/\/encuentroinformativo.com.mx\/?p=63893","title":{"rendered":"Analiza Congreso Local rendir homenaje a Paquita la del Barrio"},"content":{"rendered":"<p><strong><span style=\"font-size: 1rem;\">Dar\u00edo Pale<\/span><\/strong><\/p>\n<p>Xalapa, Ver.- El diputado Presidente de la Junta de Coordinaci\u00f3n Pol\u00edtica (JUCOPO) Esteban Bautista Hern\u00e1ndez, no descart\u00f3 que se le haga un homenaje a Paquita la del Barrio en el Congreso Local.<\/p>\n<p>En entrevista, no descart\u00f3 un homenaje en el congreso local a la cantante veracruzana Francisca Viveros Barradas &#8220;Paquita la del Barrio&#8221;.<\/p>\n<p>En ese sentido, dijo que lo platicar\u00e1 con el resto de los diputados, &#8220;lo vamos a platicar, tengo una reuni\u00f3n con los compa\u00f1eros. No se descarta un homenaje&#8221;.<\/p>\n<p>El legislador morenista, destac\u00f3 la presencia de Paquita la del Barrio, &#8220;ella trascendi\u00f3 de manera internacional y es un personaje que no nace todos los d\u00edas&#8221;.<\/p>\n<p>Paquita la del Barrio falleci\u00f3 este lunes a la edad de 77 a\u00f1os de edad, su cuerpo fue cremado y este mi\u00e9rcoles, el pueblo de Alto Lucero le rendir\u00e1 un homenaje a su hija predilecta.<\/p>\n<p>Posteriormente, en la ciudad de M\u00e9xico se le dar\u00e1 el \u00faltimo adi\u00f3s a la reina del despecho.<\/p>\n<p>En otro tema, el diputado Esteban Bautista se neg\u00f3 a emitir opini\u00f3n alguna del senador Miguel \u00c1ngel Yunes M\u00e1rquez y su incorporaci\u00f3n a MORENA cuestionado sobre el tema se\u00f1al\u00f3 &#8220;me reservo mi opini\u00f3n&#8221;, dijo.<\/p>\n<p>&nbsp;<\/p>\n","protected":false},"excerpt":{"rendered":"<p>Dar\u00edo Pale Xalapa, Ver.- El diputado Presidente de la Junta de Coordinaci\u00f3n Pol\u00edtica (JUCOPO) Esteban Bautista Hern\u00e1ndez, no descart\u00f3 que se le haga un homenaje a Paquita la del Barrio en el Congreso Local. En entrevista, no descart\u00f3 un homenaje en el congreso local a la cantante veracruzana Francisca Viveros Barradas &#8220;Paquita la del Barrio&#8221;. [&hellip;]<\/p>\n","protected":false},"author":2476,"featured_media":63894,"comment_status":"open","ping_status":"open","sticky":false,"template":"","format":"standard","meta":{"_jetpack_memberships_contains_paid_content":false,"footnotes":""},"categories":[2],"tags":[],"class_list":["post-63893","post","type-post","status-publish","format-standard","has-post-thumbnail","hentry","category-estado"],"jetpack_featured_media_url":"https:\/\/encuentroinformativo.com.mx\/wp-content\/uploads\/2025\/02\/IMG-20250219-WA0071.jpg","jetpack_sharing_enabled":true,"jetpack_likes_enabled":true,"amp_enabled":true,"_links":{"self":[{"href":"https:\/\/encuentroinformativo.com.mx\/index.php?rest_route=\/wp\/v2\/posts\/63893","targetHints":{"allow":["GET"]}}],"collection":[{"href":"https:\/\/encuentroinformativo.com.mx\/index.php?rest_route=\/wp\/v2\/posts"}],"about":[{"href":"https:\/\/encuentroinformativo.com.mx\/index.php?rest_route=\/wp\/v2\/types\/post"}],"author":[{"embeddable":true,"href":"https:\/\/encuentroinformativo.com.mx\/index.php?rest_route=\/wp\/v2\/users\/2476"}],"replies":[{"embeddable":true,"href":"https:\/\/encuentroinformativo.com.mx\/index.php?rest_route=%2Fwp%2Fv2%2Fcomments&post=63893"}],"version-history":[{"count":1,"href":"https:\/\/encuentroinformativo.com.mx\/index.php?rest_route=\/wp\/v2\/posts\/63893\/revisions"}],"predecessor-version":[{"id":63895,"href":"https:\/\/encuentroinformativo.com.mx\/index.php?rest_route=\/wp\/v2\/posts\/63893\/revisions\/63895"}],"wp:featuredmedia":[{"embeddable":true,"href":"https:\/\/encuentroinformativo.com.mx\/index.php?rest_route=\/wp\/v2\/media\/63894"}],"wp:attachment":[{"href":"https:\/\/encuentroinformativo.com.mx\/index.php?rest_route=%2Fwp%2Fv2%2Fmedia&parent=63893"}],"wp:term":[{"taxonomy":"category","embeddable":true,"href":"https:\/\/encuentroinformativo.com.mx\/index.php?rest_route=%2Fwp%2Fv2%2Fcategories&post=63893"},{"taxonomy":"post_tag","embeddable":true,"href":"https:\/\/encuentroinformativo.com.mx\/index.php?rest_route=%2Fwp%2Fv2%2Ftags&post=63893"}],"curies":[{"name":"wp","href":"https:\/\/api.w.org\/{rel}","templated":true}]}}