{"id":63896,"date":"2025-02-19T14:42:48","date_gmt":"2025-02-19T20:42:48","guid":{"rendered":"https:\/\/encuentroinformativo.com.mx\/?p=63896"},"modified":"2025-02-19T14:45:05","modified_gmt":"2025-02-19T20:45:05","slug":"fallece-segunda-victima-de-ataque-armados-en-minatitlan","status":"publish","type":"post","link":"https:\/\/encuentroinformativo.com.mx\/?p=63896","title":{"rendered":"Fallece segunda v\u00edctima de ataque armado en Minatitl\u00e1n"},"content":{"rendered":"<p><strong style=\"font-size: 1rem;\">Jos\u00e9 Vargas<\/strong><\/p>\n<p>Minatitl\u00e1n, Ver.- La violencia en el sur de Veracruz cobr\u00f3 dos v\u00edctimas tras el ataque armado registrado el pasado 18 de febrero en la colonia Nueva Mina Norte de Minatitl\u00e1n. Jos\u00e9 \u00c1ngel Salazar, quien hab\u00eda resultado gravemente herido en el atentado, falleci\u00f3 en el Hospital General de Minatitl\u00e1n, donde recib\u00eda atenci\u00f3n m\u00e9dica.<\/p>\n<p>El ataque ocurri\u00f3 en una vivienda ubicada en la calle Berl\u00edn, donde un grupo de sujetos armados irrumpi\u00f3 y dispar\u00f3 contra los presentes. En el lugar perdi\u00f3 la vida de manera instant\u00e1nea El\u00edas Carre\u00f3n, de 29 a\u00f1os, mientras que Jos\u00e9 \u00c1ngel Salazar fue trasladado por un tercero a bordo de un taxi con n\u00famero econ\u00f3mico 2547.<\/p>\n<p>A su llegada al hospital, polic\u00edas municipales y ministeriales verificaron la unidad y confirmaron que contaba con reporte de robo, por lo que el conductor qued\u00f3 detenido. Pese a los esfuerzos del personal m\u00e9dico, Salazar falleci\u00f3 en la madrugada de este mi\u00e9rcoles debido a la gravedad de sus heridas.<\/p>\n<p>Durante las diligencias en la vivienda atacada, las autoridades encontraron sustancias il\u00edcitas, lo que sugiere que el lugar podr\u00eda haber sido utilizado como un punto de venta de drogas. Esta evidencia ha llevado a los investigadores a considerar que el atentado podr\u00eda estar relacionado con un ajuste de cuentas entre c\u00e9lulas delictivas que operan en la zona.<\/p>\n<p>Con este doble homicidio, el n\u00famero de asesinatos violentos en el sur de Veracruz asciende a 24 en lo que va del a\u00f1o, con un saldo de 22 hombres y 2 mujeres asesinados.<\/p>\n<p>La creciente ola de violencia mantiene en alerta a la comunidad de Minatitl\u00e1n, mientras las fuerzas de seguridad han reforzado su presencia en la regi\u00f3n. Sin embargo, los ataques armados contin\u00faan generando preocupaci\u00f3n entre los habitantes, quienes exigen mayores operativos para frenar la delincuencia.<\/p>\n","protected":false},"excerpt":{"rendered":"<p>Jos\u00e9 Vargas Minatitl\u00e1n, Ver.- La violencia en el sur de Veracruz cobr\u00f3 dos v\u00edctimas tras el ataque armado registrado el pasado 18 de febrero en la colonia Nueva Mina Norte de Minatitl\u00e1n. Jos\u00e9 \u00c1ngel Salazar, quien hab\u00eda resultado gravemente herido en el atentado, falleci\u00f3 en el Hospital General de Minatitl\u00e1n, donde recib\u00eda atenci\u00f3n m\u00e9dica. El [&hellip;]<\/p>\n","protected":false},"author":2476,"featured_media":63898,"comment_status":"open","ping_status":"open","sticky":false,"template":"","format":"standard","meta":{"_jetpack_memberships_contains_paid_content":false,"footnotes":""},"categories":[14],"tags":[],"class_list":["post-63896","post","type-post","status-publish","format-standard","has-post-thumbnail","hentry","category-policiaca"],"jetpack_featured_media_url":"https:\/\/encuentroinformativo.com.mx\/wp-content\/uploads\/2025\/02\/Photo_1739997615452.jpg","jetpack_sharing_enabled":true,"jetpack_likes_enabled":true,"amp_enabled":true,"_links":{"self":[{"href":"https:\/\/encuentroinformativo.com.mx\/index.php?rest_route=\/wp\/v2\/posts\/63896","targetHints":{"allow":["GET"]}}],"collection":[{"href":"https:\/\/encuentroinformativo.com.mx\/index.php?rest_route=\/wp\/v2\/posts"}],"about":[{"href":"https:\/\/encuentroinformativo.com.mx\/index.php?rest_route=\/wp\/v2\/types\/post"}],"author":[{"embeddable":true,"href":"https:\/\/encuentroinformativo.com.mx\/index.php?rest_route=\/wp\/v2\/users\/2476"}],"replies":[{"embeddable":true,"href":"https:\/\/encuentroinformativo.com.mx\/index.php?rest_route=%2Fwp%2Fv2%2Fcomments&post=63896"}],"version-history":[{"count":2,"href":"https:\/\/encuentroinformativo.com.mx\/index.php?rest_route=\/wp\/v2\/posts\/63896\/revisions"}],"predecessor-version":[{"id":63900,"href":"https:\/\/encuentroinformativo.com.mx\/index.php?rest_route=\/wp\/v2\/posts\/63896\/revisions\/63900"}],"wp:featuredmedia":[{"embeddable":true,"href":"https:\/\/encuentroinformativo.com.mx\/index.php?rest_route=\/wp\/v2\/media\/63898"}],"wp:attachment":[{"href":"https:\/\/encuentroinformativo.com.mx\/index.php?rest_route=%2Fwp%2Fv2%2Fmedia&parent=63896"}],"wp:term":[{"taxonomy":"category","embeddable":true,"href":"https:\/\/encuentroinformativo.com.mx\/index.php?rest_route=%2Fwp%2Fv2%2Fcategories&post=63896"},{"taxonomy":"post_tag","embeddable":true,"href":"https:\/\/encuentroinformativo.com.mx\/index.php?rest_route=%2Fwp%2Fv2%2Ftags&post=63896"}],"curies":[{"name":"wp","href":"https:\/\/api.w.org\/{rel}","templated":true}]}}