{"id":63906,"date":"2025-02-19T16:27:00","date_gmt":"2025-02-19T22:27:00","guid":{"rendered":"https:\/\/encuentroinformativo.com.mx\/?p=63906"},"modified":"2025-02-19T16:27:00","modified_gmt":"2025-02-19T22:27:00","slug":"congreso-de-veracruz-presente-en-conmemoracion-del-ejercito-mexicano","status":"publish","type":"post","link":"https:\/\/encuentroinformativo.com.mx\/?p=63906","title":{"rendered":"Congreso de Veracruz, presente en conmemoraci\u00f3n del Ej\u00e9rcito Mexicano"},"content":{"rendered":"<p style=\"font-weight: 400;\">Xalapa, Ver.- En representaci\u00f3n de la LXVII Legislatura del estado de Veracruz, la presidenta de la Mesa Directiva, diputada Tanya Carola Viveros Ch\u00e1zaro, acudi\u00f3 a la conmemoraci\u00f3n del CXII aniversario del Ej\u00e9rcito Mexicano, acto encabezado por la gobernadora de Veracruz, Roc\u00edo Nahle Garc\u00eda, en las instalaciones de la 26<sup>a<\/sup>\u00a0zona militar El Lencero.<\/p>\n<p style=\"font-weight: 400;\"><span style=\"font-size: 1rem;\">Las y los asistentes rindieron homenaje a la instituci\u00f3n garante de la defensa de la soberan\u00eda nacional. Entre ellos, la presidenta del Poder Judicial del estado, magistrada Lisbeth Aurelia Jim\u00e9nez Aguirre; el titular de la Secretar\u00eda de Seguridad P\u00fablica (SSP), Alfonso Reyes Garc\u00e9s; el secretario de Gobierno, Ricardo Ahued Bardahuil; la fiscal general, Ver\u00f3nica Hern\u00e1ndez Giad\u00e1ns, mandos militares y navales e integrantes de la administraci\u00f3n p\u00fablica estatal y federal.<\/span><\/p>\n<p><img loading=\"lazy\" decoding=\"async\" class=\"alignnone size-medium wp-image-63908\" src=\"https:\/\/encuentroinformativo.com.mx\/wp-content\/uploads\/2025\/02\/NOV19FEB2025TANYA32-300x200.jpeg\" alt=\"\" width=\"300\" height=\"200\" srcset=\"https:\/\/encuentroinformativo.com.mx\/wp-content\/uploads\/2025\/02\/NOV19FEB2025TANYA32-300x200.jpeg 300w, https:\/\/encuentroinformativo.com.mx\/wp-content\/uploads\/2025\/02\/NOV19FEB2025TANYA32-1024x684.jpeg 1024w, https:\/\/encuentroinformativo.com.mx\/wp-content\/uploads\/2025\/02\/NOV19FEB2025TANYA32-768x513.jpeg 768w, https:\/\/encuentroinformativo.com.mx\/wp-content\/uploads\/2025\/02\/NOV19FEB2025TANYA32-1536x1025.jpeg 1536w, https:\/\/encuentroinformativo.com.mx\/wp-content\/uploads\/2025\/02\/NOV19FEB2025TANYA32-2048x1367.jpeg 2048w\" sizes=\"auto, (max-width: 300px) 100vw, 300px\" \/><\/p>\n","protected":false},"excerpt":{"rendered":"<p>Xalapa, Ver.- En representaci\u00f3n de la LXVII Legislatura del estado de Veracruz, la presidenta de la Mesa Directiva, diputada Tanya Carola Viveros Ch\u00e1zaro, acudi\u00f3 a la conmemoraci\u00f3n del CXII aniversario del Ej\u00e9rcito Mexicano, acto encabezado por la gobernadora de Veracruz, Roc\u00edo Nahle Garc\u00eda, en las instalaciones de la 26a\u00a0zona militar El Lencero. Las y los [&hellip;]<\/p>\n","protected":false},"author":2476,"featured_media":63907,"comment_status":"open","ping_status":"open","sticky":false,"template":"","format":"standard","meta":{"_jetpack_memberships_contains_paid_content":false,"footnotes":""},"categories":[2],"tags":[],"class_list":["post-63906","post","type-post","status-publish","format-standard","has-post-thumbnail","hentry","category-estado"],"jetpack_featured_media_url":"https:\/\/encuentroinformativo.com.mx\/wp-content\/uploads\/2025\/02\/NOV19FEB2025TANYA12-scaled.jpeg","jetpack_sharing_enabled":true,"jetpack_likes_enabled":true,"amp_enabled":true,"_links":{"self":[{"href":"https:\/\/encuentroinformativo.com.mx\/index.php?rest_route=\/wp\/v2\/posts\/63906","targetHints":{"allow":["GET"]}}],"collection":[{"href":"https:\/\/encuentroinformativo.com.mx\/index.php?rest_route=\/wp\/v2\/posts"}],"about":[{"href":"https:\/\/encuentroinformativo.com.mx\/index.php?rest_route=\/wp\/v2\/types\/post"}],"author":[{"embeddable":true,"href":"https:\/\/encuentroinformativo.com.mx\/index.php?rest_route=\/wp\/v2\/users\/2476"}],"replies":[{"embeddable":true,"href":"https:\/\/encuentroinformativo.com.mx\/index.php?rest_route=%2Fwp%2Fv2%2Fcomments&post=63906"}],"version-history":[{"count":1,"href":"https:\/\/encuentroinformativo.com.mx\/index.php?rest_route=\/wp\/v2\/posts\/63906\/revisions"}],"predecessor-version":[{"id":63909,"href":"https:\/\/encuentroinformativo.com.mx\/index.php?rest_route=\/wp\/v2\/posts\/63906\/revisions\/63909"}],"wp:featuredmedia":[{"embeddable":true,"href":"https:\/\/encuentroinformativo.com.mx\/index.php?rest_route=\/wp\/v2\/media\/63907"}],"wp:attachment":[{"href":"https:\/\/encuentroinformativo.com.mx\/index.php?rest_route=%2Fwp%2Fv2%2Fmedia&parent=63906"}],"wp:term":[{"taxonomy":"category","embeddable":true,"href":"https:\/\/encuentroinformativo.com.mx\/index.php?rest_route=%2Fwp%2Fv2%2Fcategories&post=63906"},{"taxonomy":"post_tag","embeddable":true,"href":"https:\/\/encuentroinformativo.com.mx\/index.php?rest_route=%2Fwp%2Fv2%2Ftags&post=63906"}],"curies":[{"name":"wp","href":"https:\/\/api.w.org\/{rel}","templated":true}]}}