{"id":6391,"date":"2020-10-01T13:06:04","date_gmt":"2020-10-01T18:06:04","guid":{"rendered":"https:\/\/encuentroinformativo.com.mx\/?p=6391"},"modified":"2020-10-01T13:06:07","modified_gmt":"2020-10-01T18:06:07","slug":"adultos-mayores-de-60-anos-los-mas-afectados-por-covid","status":"publish","type":"post","link":"https:\/\/encuentroinformativo.com.mx\/?p=6391","title":{"rendered":"Adultos mayores de 60 a\u00f1os, los m\u00e1s afectados por Covid"},"content":{"rendered":"\n<p><strong>*<em>En el marco del D\u00eda Internacional de las Personas Mayores,<\/em>\u00a0<em>OPS insta a los pa\u00edses a adaptar los sistemas de salud para satisfacer mejor las necesidades de los adultos mayores.\u00a0<\/em><\/strong><\/p>\n\n\n\n<p>Xalapa, Ver.- Los sistemas de salud en las Am\u00e9ricas no est\u00e1n respondiendo adecuadamente a las necesidades de los adultos mayores y deben adaptarse a la luz de la pandemia de la COVID-19, afirman expertos de la Organizaci\u00f3n Panamericana de la Salud (OPS).\u00a0<\/p>\n\n\n\n<p>Para el D\u00eda Internacional de las Personas Mayores, el 1 de octubre, la Organizaci\u00f3n hace un llamado por una atenci\u00f3n integral, integrada y centrada en la persona, y por servicios de atenci\u00f3n primaria que respondan a las necesidades de las personas mayores.&nbsp;<\/p>\n\n\n\n<p>Si bien todos est\u00e1n el riesgo de contraer la COVID-19, las personas mayores tienen mayor probabilidad de enfermar gravemente si se infectan, con los mayores de 80 a\u00f1os muriendo a una tasa cinco veces mayor que la media. El informe de las Naciones Unidas \u201cEl impacto de la COVID-19 en las personas mayores\u201d sugiere que esto puede ser debido a condiciones subyacentes que afectan al 66% de las personas mayores de 70 a\u00f1os.&nbsp;<\/p>\n\n\n\n<p>Este tambi\u00e9n es el caso de las Am\u00e9ricas, donde la mayor\u00eda de las muertes por la COVID-19 ocurren en personas de 70 a\u00f1os o m\u00e1s, seguidas de personas entre 60 y 69 a\u00f1os.&nbsp;<\/p>\n\n\n\n<p>Si bien las residencias o centros de atenci\u00f3n a largo plazo han sido las m\u00e1s afectadas, y representan entre el 40% y el 80% de las muertes por la COVID-19 en todo el mundo, en las Am\u00e9ricas, donde es m\u00e1s probable que el cuidado de los adultos mayores se lleve a cabo en el hogar, el distanciamiento f\u00edsico constituye un desaf\u00edo particular.&nbsp;<\/p>\n\n\n\n<p>\u201cLa pandemia de la COVID-19 ha enfatizado las necesidades y vulnerabilidades que tienen las personas mayores en lo que respecta a su derecho a la salud\u201d, afirm\u00f3 Carissa F. Etienne, Directora de la OPS\/OMS. \u201cCon demasiada frecuencia, no escuchamos sus voces y perspectivas cuando se trata de su atenci\u00f3n. Las personas mayores tienen el mismo derecho a recibir cuidados que cualquier otra persona. Ninguna vida es m\u00e1s valiosa que otra\u201d, sostuvo.&nbsp;<\/p>\n\n\n\n<p>Incluso antes de la pandemia de la COVID-19, m\u00e1s del 50% de las poblaciones mayores en algunos pa\u00edses de ingresos bajos y medianos carec\u00edan de acceso a algunos servicios de salud esenciales, un problema que la pandemia ha exacerbado.&nbsp;<\/p>\n\n\n\n<p>Pero no basta con garantizar que los adultos mayores tengan acceso a los servicios b\u00e1sicos de salud, se\u00f1al\u00f3 Enrique Vega, jefe de la Unidad de Curso de Vida Saludable de la OPS. Los servicios tambi\u00e9n deben adaptarse a las necesidades espec\u00edficas de las personas mayores.&nbsp;<\/p>\n\n\n\n<p>\u201cLa forma en que cada persona mayor puede verse afectada por la COVID-19, o cualquier otra enfermedad, depende de su salud f\u00edsica y mental en general, por lo que la atenci\u00f3n y el tratamiento siempre deben tener esto en consideraci\u00f3n\u201d, destac\u00f3.&nbsp;<\/p>\n\n\n\n<p><strong>La D\u00e9cada del Envejecimiento Saludable&nbsp;<\/strong><\/p>\n\n\n\n<p>El a\u00f1o 2020 marca el inicio de la D\u00e9cada del Envejecimiento Saludable, la cual destaca la necesidad de que los gobiernos, la sociedad civil, las agencias internacionales, los medios de comunicaci\u00f3n y otros trabajen juntos para mejorar la vida de las personas mayores, sus familias y sus comunidades, y para abordar la discriminaci\u00f3n por edad y el estigma.&nbsp;&nbsp;<\/p>\n\n\n\n<p>\u201cEl envejecimiento saludable consiste en desarrollar y mantener las habilidades funcionales que permitan el bienestar en la vejez\u201d, explic\u00f3 Vega. \u201cLa COVID-19 ha expuesto no solo la fragilidad de los adultos mayores, sino la de los sistemas y entornos que los rodean\u201d.&nbsp;<\/p>\n\n\n\n<p><strong>Fuente:<\/strong>&nbsp;ONU M\u00e9xico<\/p>\n","protected":false},"excerpt":{"rendered":"<p>*En el marco del D\u00eda Internacional de las Personas Mayores,\u00a0OPS insta a los pa\u00edses a adaptar los sistemas de salud para satisfacer mejor las necesidades de los adultos mayores.\u00a0 Xalapa, Ver.- Los sistemas de salud en las Am\u00e9ricas no est\u00e1n respondiendo adecuadamente a las necesidades de los adultos mayores y deben adaptarse a la luz [&hellip;]<\/p>\n","protected":false},"author":1,"featured_media":5162,"comment_status":"open","ping_status":"open","sticky":false,"template":"","format":"standard","meta":{"_jetpack_memberships_contains_paid_content":false,"footnotes":""},"categories":[9],"tags":[],"class_list":["post-6391","post","type-post","status-publish","format-standard","has-post-thumbnail","hentry","category-salud"],"jetpack_featured_media_url":"https:\/\/encuentroinformativo.com.mx\/wp-content\/uploads\/2020\/08\/BF1AA6A6-A1D8-4883-B670-6D85BDCD44B9.jpeg","jetpack_sharing_enabled":true,"jetpack_likes_enabled":true,"amp_enabled":true,"_links":{"self":[{"href":"https:\/\/encuentroinformativo.com.mx\/index.php?rest_route=\/wp\/v2\/posts\/6391","targetHints":{"allow":["GET"]}}],"collection":[{"href":"https:\/\/encuentroinformativo.com.mx\/index.php?rest_route=\/wp\/v2\/posts"}],"about":[{"href":"https:\/\/encuentroinformativo.com.mx\/index.php?rest_route=\/wp\/v2\/types\/post"}],"author":[{"embeddable":true,"href":"https:\/\/encuentroinformativo.com.mx\/index.php?rest_route=\/wp\/v2\/users\/1"}],"replies":[{"embeddable":true,"href":"https:\/\/encuentroinformativo.com.mx\/index.php?rest_route=%2Fwp%2Fv2%2Fcomments&post=6391"}],"version-history":[{"count":1,"href":"https:\/\/encuentroinformativo.com.mx\/index.php?rest_route=\/wp\/v2\/posts\/6391\/revisions"}],"predecessor-version":[{"id":6392,"href":"https:\/\/encuentroinformativo.com.mx\/index.php?rest_route=\/wp\/v2\/posts\/6391\/revisions\/6392"}],"wp:featuredmedia":[{"embeddable":true,"href":"https:\/\/encuentroinformativo.com.mx\/index.php?rest_route=\/wp\/v2\/media\/5162"}],"wp:attachment":[{"href":"https:\/\/encuentroinformativo.com.mx\/index.php?rest_route=%2Fwp%2Fv2%2Fmedia&parent=6391"}],"wp:term":[{"taxonomy":"category","embeddable":true,"href":"https:\/\/encuentroinformativo.com.mx\/index.php?rest_route=%2Fwp%2Fv2%2Fcategories&post=6391"},{"taxonomy":"post_tag","embeddable":true,"href":"https:\/\/encuentroinformativo.com.mx\/index.php?rest_route=%2Fwp%2Fv2%2Ftags&post=6391"}],"curies":[{"name":"wp","href":"https:\/\/api.w.org\/{rel}","templated":true}]}}