{"id":63911,"date":"2025-02-19T20:55:12","date_gmt":"2025-02-20T02:55:12","guid":{"rendered":"https:\/\/encuentroinformativo.com.mx\/?p=63911"},"modified":"2025-02-19T20:55:12","modified_gmt":"2025-02-20T02:55:12","slug":"alistan-casa-paquita-para-homenaje-del-proximo-viernes","status":"publish","type":"post","link":"https:\/\/encuentroinformativo.com.mx\/?p=63911","title":{"rendered":"Alistan Casa Paquita para homenaje del pr\u00f3ximo viernes"},"content":{"rendered":"<p><strong><span style=\"font-size: 1rem;\">Redacci\u00f3n<\/span><\/strong><\/p>\n<p><strong>Fotos:<\/strong> Cortes\u00eda<\/p>\n<p>Ciudad de M\u00e9xico.- Tras el homenaje que este mi\u00e9rcoles recibi\u00f3 Francisca Viveros Barradas mejor conocida como Paquita la del Barrio en su natal Alto Lucero, ya se alistan los preparativos en Casa Paquita.<\/p>\n<p>Flores, veladoras, grandes fotograf\u00edas de la int\u00e9rprete de &#8220;Cheque en Blanco&#8221; y la imagen de un Cristo son algunos de los detalles que se observan en el espacio al cual se espera lleguen amigos y compa\u00f1eros del medio del espect\u00e1culo, as\u00ed como fans de la artista que falleci\u00f3 el pasado lunes.<\/p>\n<p><img loading=\"lazy\" decoding=\"async\" class=\"alignnone size-medium wp-image-63913\" src=\"https:\/\/encuentroinformativo.com.mx\/wp-content\/uploads\/2025\/02\/IMG-20250219-WA0375-300x225.jpg\" alt=\"\" width=\"300\" height=\"225\" srcset=\"https:\/\/encuentroinformativo.com.mx\/wp-content\/uploads\/2025\/02\/IMG-20250219-WA0375-300x225.jpg 300w, https:\/\/encuentroinformativo.com.mx\/wp-content\/uploads\/2025\/02\/IMG-20250219-WA0375-1024x769.jpg 1024w, https:\/\/encuentroinformativo.com.mx\/wp-content\/uploads\/2025\/02\/IMG-20250219-WA0375-768x576.jpg 768w, https:\/\/encuentroinformativo.com.mx\/wp-content\/uploads\/2025\/02\/IMG-20250219-WA0375-1536x1153.jpg 1536w, https:\/\/encuentroinformativo.com.mx\/wp-content\/uploads\/2025\/02\/IMG-20250219-WA0375.jpg 1600w\" sizes=\"auto, (max-width: 300px) 100vw, 300px\" \/><\/p>\n<p><img loading=\"lazy\" decoding=\"async\" class=\"alignnone size-medium wp-image-63914\" src=\"https:\/\/encuentroinformativo.com.mx\/wp-content\/uploads\/2025\/02\/IMG-20250219-WA0374-300x225.jpg\" alt=\"\" width=\"300\" height=\"225\" srcset=\"https:\/\/encuentroinformativo.com.mx\/wp-content\/uploads\/2025\/02\/IMG-20250219-WA0374-300x225.jpg 300w, https:\/\/encuentroinformativo.com.mx\/wp-content\/uploads\/2025\/02\/IMG-20250219-WA0374-1024x769.jpg 1024w, https:\/\/encuentroinformativo.com.mx\/wp-content\/uploads\/2025\/02\/IMG-20250219-WA0374-768x576.jpg 768w, https:\/\/encuentroinformativo.com.mx\/wp-content\/uploads\/2025\/02\/IMG-20250219-WA0374-1536x1153.jpg 1536w, https:\/\/encuentroinformativo.com.mx\/wp-content\/uploads\/2025\/02\/IMG-20250219-WA0374.jpg 1600w\" sizes=\"auto, (max-width: 300px) 100vw, 300px\" \/><\/p>\n","protected":false},"excerpt":{"rendered":"<p>Redacci\u00f3n Fotos: Cortes\u00eda Ciudad de M\u00e9xico.- Tras el homenaje que este mi\u00e9rcoles recibi\u00f3 Francisca Viveros Barradas mejor conocida como Paquita la del Barrio en su natal Alto Lucero, ya se alistan los preparativos en Casa Paquita. Flores, veladoras, grandes fotograf\u00edas de la int\u00e9rprete de &#8220;Cheque en Blanco&#8221; y la imagen de un Cristo son algunos [&hellip;]<\/p>\n","protected":false},"author":2476,"featured_media":63912,"comment_status":"open","ping_status":"open","sticky":false,"template":"","format":"standard","meta":{"_jetpack_memberships_contains_paid_content":false,"footnotes":""},"categories":[2,12],"tags":[],"class_list":["post-63911","post","type-post","status-publish","format-standard","has-post-thumbnail","hentry","category-estado","category-nacional"],"jetpack_featured_media_url":"https:\/\/encuentroinformativo.com.mx\/wp-content\/uploads\/2025\/02\/IMG-20250219-WA0376.jpg","jetpack_sharing_enabled":true,"jetpack_likes_enabled":true,"amp_enabled":true,"_links":{"self":[{"href":"https:\/\/encuentroinformativo.com.mx\/index.php?rest_route=\/wp\/v2\/posts\/63911","targetHints":{"allow":["GET"]}}],"collection":[{"href":"https:\/\/encuentroinformativo.com.mx\/index.php?rest_route=\/wp\/v2\/posts"}],"about":[{"href":"https:\/\/encuentroinformativo.com.mx\/index.php?rest_route=\/wp\/v2\/types\/post"}],"author":[{"embeddable":true,"href":"https:\/\/encuentroinformativo.com.mx\/index.php?rest_route=\/wp\/v2\/users\/2476"}],"replies":[{"embeddable":true,"href":"https:\/\/encuentroinformativo.com.mx\/index.php?rest_route=%2Fwp%2Fv2%2Fcomments&post=63911"}],"version-history":[{"count":2,"href":"https:\/\/encuentroinformativo.com.mx\/index.php?rest_route=\/wp\/v2\/posts\/63911\/revisions"}],"predecessor-version":[{"id":63916,"href":"https:\/\/encuentroinformativo.com.mx\/index.php?rest_route=\/wp\/v2\/posts\/63911\/revisions\/63916"}],"wp:featuredmedia":[{"embeddable":true,"href":"https:\/\/encuentroinformativo.com.mx\/index.php?rest_route=\/wp\/v2\/media\/63912"}],"wp:attachment":[{"href":"https:\/\/encuentroinformativo.com.mx\/index.php?rest_route=%2Fwp%2Fv2%2Fmedia&parent=63911"}],"wp:term":[{"taxonomy":"category","embeddable":true,"href":"https:\/\/encuentroinformativo.com.mx\/index.php?rest_route=%2Fwp%2Fv2%2Fcategories&post=63911"},{"taxonomy":"post_tag","embeddable":true,"href":"https:\/\/encuentroinformativo.com.mx\/index.php?rest_route=%2Fwp%2Fv2%2Ftags&post=63911"}],"curies":[{"name":"wp","href":"https:\/\/api.w.org\/{rel}","templated":true}]}}