{"id":63923,"date":"2025-02-20T10:34:55","date_gmt":"2025-02-20T16:34:55","guid":{"rendered":"https:\/\/encuentroinformativo.com.mx\/?p=63923"},"modified":"2025-02-20T10:34:55","modified_gmt":"2025-02-20T16:34:55","slug":"en-uxpanapa-frente-frio-28-deja-perdidas-en-sector-agricola-y-ganadero","status":"publish","type":"post","link":"https:\/\/encuentroinformativo.com.mx\/?p=63923","title":{"rendered":"En Uxpanapa, Frente Fr\u00edo 28 deja p\u00e9rdidas en Sector Agr\u00edcola y Ganadero"},"content":{"rendered":"<p><strong style=\"font-size: 1rem;\">Jos\u00e9 Vargas<\/strong><\/p>\n<p>Uxpanapa, Ver.- Tras la entrada del frente fr\u00edo n\u00famero 28, las intensas lluvias han provocado el desbordamiento del r\u00edo Uxpanapa, ocasionando graves afectaciones en el municipio. De acuerdo con reportes de pobladores, el nivel del agua ha crecido considerablemente, dejando inundaciones en diversas zonas y generando cuantiosas p\u00e9rdidas en cultivos y ganado.<\/p>\n<p>En la congregaci\u00f3n R\u00edo Uxpanapa, espec\u00edficamente en el Poblado 14, se reportan viviendas anegadas, as\u00ed como la p\u00e9rdida de m\u00e1s de 600 hect\u00e1reas de cultivos de ma\u00edz, frijol, hortalizas y otros productos agr\u00edcolas. Adem\u00e1s, la crecida del r\u00edo ha afectado al sector ganadero, dejando a varias familias en situaci\u00f3n cr\u00edtica.<\/p>\n<p>Ante esta emergencia, los habitantes han solicitado apoyo de las autoridades para atender a las familias afectadas y mitigar los da\u00f1os ocasionados por la crecida del r\u00edo. Asimismo, se espera la intervenci\u00f3n de Protecci\u00f3n Civil y otras instancias gubernamentales para evaluar la situaci\u00f3n y brindar asistencia a los afectados.<\/p>\n<p>Las condiciones clim\u00e1ticas en la regi\u00f3n contin\u00faan siendo adversas, por lo que se recomienda a la poblaci\u00f3n mantenerse alerta y seguir las indicaciones de las autoridades para evitar mayores riesgos.<\/p>\n","protected":false},"excerpt":{"rendered":"<p>Jos\u00e9 Vargas Uxpanapa, Ver.- Tras la entrada del frente fr\u00edo n\u00famero 28, las intensas lluvias han provocado el desbordamiento del r\u00edo Uxpanapa, ocasionando graves afectaciones en el municipio. De acuerdo con reportes de pobladores, el nivel del agua ha crecido considerablemente, dejando inundaciones en diversas zonas y generando cuantiosas p\u00e9rdidas en cultivos y ganado. En [&hellip;]<\/p>\n","protected":false},"author":2476,"featured_media":63924,"comment_status":"open","ping_status":"open","sticky":false,"template":"","format":"standard","meta":{"_jetpack_memberships_contains_paid_content":false,"footnotes":""},"categories":[2],"tags":[],"class_list":["post-63923","post","type-post","status-publish","format-standard","has-post-thumbnail","hentry","category-estado"],"jetpack_featured_media_url":"https:\/\/encuentroinformativo.com.mx\/wp-content\/uploads\/2025\/02\/Photo_1740069061679.jpg","jetpack_sharing_enabled":true,"jetpack_likes_enabled":true,"amp_enabled":true,"_links":{"self":[{"href":"https:\/\/encuentroinformativo.com.mx\/index.php?rest_route=\/wp\/v2\/posts\/63923","targetHints":{"allow":["GET"]}}],"collection":[{"href":"https:\/\/encuentroinformativo.com.mx\/index.php?rest_route=\/wp\/v2\/posts"}],"about":[{"href":"https:\/\/encuentroinformativo.com.mx\/index.php?rest_route=\/wp\/v2\/types\/post"}],"author":[{"embeddable":true,"href":"https:\/\/encuentroinformativo.com.mx\/index.php?rest_route=\/wp\/v2\/users\/2476"}],"replies":[{"embeddable":true,"href":"https:\/\/encuentroinformativo.com.mx\/index.php?rest_route=%2Fwp%2Fv2%2Fcomments&post=63923"}],"version-history":[{"count":1,"href":"https:\/\/encuentroinformativo.com.mx\/index.php?rest_route=\/wp\/v2\/posts\/63923\/revisions"}],"predecessor-version":[{"id":63925,"href":"https:\/\/encuentroinformativo.com.mx\/index.php?rest_route=\/wp\/v2\/posts\/63923\/revisions\/63925"}],"wp:featuredmedia":[{"embeddable":true,"href":"https:\/\/encuentroinformativo.com.mx\/index.php?rest_route=\/wp\/v2\/media\/63924"}],"wp:attachment":[{"href":"https:\/\/encuentroinformativo.com.mx\/index.php?rest_route=%2Fwp%2Fv2%2Fmedia&parent=63923"}],"wp:term":[{"taxonomy":"category","embeddable":true,"href":"https:\/\/encuentroinformativo.com.mx\/index.php?rest_route=%2Fwp%2Fv2%2Fcategories&post=63923"},{"taxonomy":"post_tag","embeddable":true,"href":"https:\/\/encuentroinformativo.com.mx\/index.php?rest_route=%2Fwp%2Fv2%2Ftags&post=63923"}],"curies":[{"name":"wp","href":"https:\/\/api.w.org\/{rel}","templated":true}]}}