{"id":63929,"date":"2025-02-20T11:25:28","date_gmt":"2025-02-20T17:25:28","guid":{"rendered":"https:\/\/encuentroinformativo.com.mx\/?p=63929"},"modified":"2025-02-20T11:25:28","modified_gmt":"2025-02-20T17:25:28","slug":"militares-y-seguridad-publica-monitorean-inundaciones-en-villa-cuichapa","status":"publish","type":"post","link":"https:\/\/encuentroinformativo.com.mx\/?p=63929","title":{"rendered":"Militares y Seguridad P\u00fablica Monitorean Inundaciones en Villa Cuichapa"},"content":{"rendered":"<p><strong style=\"font-size: 1rem;\">Jos\u00e9 Vargas.<\/strong><\/p>\n<p>Villa Cuichapa, Ver.- Ante las afectaciones causadas por el frente fr\u00edo n\u00famero 28, elementos del 44\u00b0 Batall\u00f3n de Infanter\u00eda de Ixhuatl\u00e1n del Sureste, bajo el mando del coronel Alejandro Mac\u00edas Cifuentes, realizaron un recorrido en las zonas m\u00e1s vulnerables de Villa Cuichapa.<\/p>\n<p>Acompa\u00f1ados por Seguridad P\u00fablica Municipal, los militares inspeccionaron los puntos cr\u00edticos donde se han registrado inundaciones en los m\u00e1rgenes del arroyo Nexmegata, en cumplimiento del Plan DN-III-E, estrategia del Ej\u00e9rcito Mexicano para atender emergencias derivadas de fen\u00f3menos naturales.<\/p>\n<p>El personal castrense mantiene un monitoreo constante de los niveles del agua, con el objetivo de prevenir riesgos para la poblaci\u00f3n y actuar de manera oportuna en caso de ser necesario.<\/p>\n<p>Las autoridades exhortan a los habitantes de la zona a mantenerse informados y seguir las indicaciones de Protecci\u00f3n Civil para evitar situaciones de peligro.<\/p>\n<p><img loading=\"lazy\" decoding=\"async\" class=\"alignnone size-medium wp-image-63933\" src=\"https:\/\/encuentroinformativo.com.mx\/wp-content\/uploads\/2025\/02\/Photo_1740072095210-300x173.jpg\" alt=\"\" width=\"300\" height=\"173\" srcset=\"https:\/\/encuentroinformativo.com.mx\/wp-content\/uploads\/2025\/02\/Photo_1740072095210-300x173.jpg 300w, https:\/\/encuentroinformativo.com.mx\/wp-content\/uploads\/2025\/02\/Photo_1740072095210-768x442.jpg 768w, https:\/\/encuentroinformativo.com.mx\/wp-content\/uploads\/2025\/02\/Photo_1740072095210.jpg 967w\" sizes=\"auto, (max-width: 300px) 100vw, 300px\" \/><\/p>\n","protected":false},"excerpt":{"rendered":"<p>Jos\u00e9 Vargas. Villa Cuichapa, Ver.- Ante las afectaciones causadas por el frente fr\u00edo n\u00famero 28, elementos del 44\u00b0 Batall\u00f3n de Infanter\u00eda de Ixhuatl\u00e1n del Sureste, bajo el mando del coronel Alejandro Mac\u00edas Cifuentes, realizaron un recorrido en las zonas m\u00e1s vulnerables de Villa Cuichapa. Acompa\u00f1ados por Seguridad P\u00fablica Municipal, los militares inspeccionaron los puntos cr\u00edticos [&hellip;]<\/p>\n","protected":false},"author":2476,"featured_media":63931,"comment_status":"open","ping_status":"open","sticky":false,"template":"","format":"standard","meta":{"_jetpack_memberships_contains_paid_content":false,"footnotes":""},"categories":[2],"tags":[],"class_list":["post-63929","post","type-post","status-publish","format-standard","has-post-thumbnail","hentry","category-estado"],"jetpack_featured_media_url":"https:\/\/encuentroinformativo.com.mx\/wp-content\/uploads\/2025\/02\/Photo_1740072148282.jpg","jetpack_sharing_enabled":true,"jetpack_likes_enabled":true,"amp_enabled":true,"_links":{"self":[{"href":"https:\/\/encuentroinformativo.com.mx\/index.php?rest_route=\/wp\/v2\/posts\/63929","targetHints":{"allow":["GET"]}}],"collection":[{"href":"https:\/\/encuentroinformativo.com.mx\/index.php?rest_route=\/wp\/v2\/posts"}],"about":[{"href":"https:\/\/encuentroinformativo.com.mx\/index.php?rest_route=\/wp\/v2\/types\/post"}],"author":[{"embeddable":true,"href":"https:\/\/encuentroinformativo.com.mx\/index.php?rest_route=\/wp\/v2\/users\/2476"}],"replies":[{"embeddable":true,"href":"https:\/\/encuentroinformativo.com.mx\/index.php?rest_route=%2Fwp%2Fv2%2Fcomments&post=63929"}],"version-history":[{"count":2,"href":"https:\/\/encuentroinformativo.com.mx\/index.php?rest_route=\/wp\/v2\/posts\/63929\/revisions"}],"predecessor-version":[{"id":63934,"href":"https:\/\/encuentroinformativo.com.mx\/index.php?rest_route=\/wp\/v2\/posts\/63929\/revisions\/63934"}],"wp:featuredmedia":[{"embeddable":true,"href":"https:\/\/encuentroinformativo.com.mx\/index.php?rest_route=\/wp\/v2\/media\/63931"}],"wp:attachment":[{"href":"https:\/\/encuentroinformativo.com.mx\/index.php?rest_route=%2Fwp%2Fv2%2Fmedia&parent=63929"}],"wp:term":[{"taxonomy":"category","embeddable":true,"href":"https:\/\/encuentroinformativo.com.mx\/index.php?rest_route=%2Fwp%2Fv2%2Fcategories&post=63929"},{"taxonomy":"post_tag","embeddable":true,"href":"https:\/\/encuentroinformativo.com.mx\/index.php?rest_route=%2Fwp%2Fv2%2Ftags&post=63929"}],"curies":[{"name":"wp","href":"https:\/\/api.w.org\/{rel}","templated":true}]}}